{"id":88366,"date":"2020-06-08T16:18:06","date_gmt":"2020-06-08T20:18:06","guid":{"rendered":"https:\/\/linitiative.ca\/International\/covid-19-pas-de-prolongation-de-letat-durgence-au-liberia\/"},"modified":"2020-06-08T16:18:06","modified_gmt":"2020-06-08T20:18:06","slug":"covid-19-pas-de-prolongation-de-letat-durgence-au-liberia","status":"publish","type":"post","link":"https:\/\/linitiative.ca\/International\/covid-19-pas-de-prolongation-de-letat-durgence-au-liberia\/","title":{"rendered":"Covid-19 : pas de prolongation de l\u2019\u00e9tat d\u2019urgence au Liberia"},"content":{"rendered":"<div readability=\"32\">\n<p>Publi\u00e9 le 08.06.2020 \u00e0 21h18 par APA News<\/p>\n<\/div>\n<div readability=\"52\">\n<p>Le gouvernement lib\u00e9rien ne prolongera pas l\u2019\u00e9tat d\u2019urgence actuel dans le pays, a indiqu\u00e9 le pr\u00e9sident George Weah.Le dirigeant lib\u00e9rien a d\u00e9clar\u00e9 que le pays avait acquis suffisamment de connaissances et d\u2019exp\u00e9rience sur la Covid-19 pour qu\u2019il ne devienne plus n\u00e9cessaire de renouveler les mesures de l\u2019Etat contre la libre circulation des personnes.<\/p>\n<p>\u00a0Il a d\u00e9clar\u00e9 que le Lib\u00e9ria devrait aller de l\u2019avant par rapport aux mesures restrictives pr\u00e9c\u00e9dentes, tandis que l\u2019on \u00e9value les progr\u00e8s enregistr\u00e9s dans la lutte contre ce virus.\u00a0<\/p>\n<p>\u00a0Le pr\u00e9sident Weah a d\u00e9clar\u00e9 qu\u2019il \u00e9tait en train d\u2019adopter deux nouveaux r\u00e8glements visant \u00e0 stopper la propagation de la maladie en ordonnant un couvre-feu \u00a0\u00e0 partir de 21 heures contre 18h pr\u00e9c\u00e9demment.<\/p>\n<p>\u00a0Les mesures limitant la circulation des personnes dans les comt\u00e9s lib\u00e9riens o\u00f9 aucun cas de coronavirus n\u2019a encore \u00e9t\u00e9 signal\u00e9 seront lev\u00e9es en temps utile.<\/p>\n<p>\u00a0Le Lib\u00e9ria compte 359 cas de Covid-19 et 30 d\u00e9c\u00e8s, selon les mises \u00e0 jour du cabinet de recherche et de conseil Senusi, bas\u00e9 en Sierra Leone.<\/p>\n<\/div>\n<p>Auteur: APA News<br \/>\n<a href=\"https:\/\/www.journalducameroun.com\/covid-19-pas-de-prolongation-de-letat-durgence-au-liberia\/\">Cliquez ici pour lire l&rsquo;article depuis sa source.<\/a><\/p>\n","protected":false},"excerpt":{"rendered":"<p>Publi\u00e9 le 08.06.2020 \u00e0 21h18 par APA News Le gouvernement lib\u00e9rien ne prolongera pas l\u2019\u00e9tat d\u2019urgence actuel dans le pays, a indiqu\u00e9 le pr\u00e9sident George Weah.Le dirigeant lib\u00e9rien a d\u00e9clar\u00e9 que le pays avait acquis suffisamment de connaissances et d\u2019exp\u00e9rience sur la Covid-19 pour qu\u2019il ne devienne plus n\u00e9cessaire de renouveler les mesures de l\u2019Etat [&hellip;]<\/p>\n","protected":false},"author":1965,"featured_media":0,"comment_status":"closed","ping_status":"closed","sticky":false,"template":"","format":"standard","meta":{"fifu_image_url":"","fifu_image_alt":"","footnotes":""},"categories":[73,82],"tags":[],"class_list":["post-88366","post","type-post","status-publish","format-standard","hentry","category-actualite","category-cameroun"],"_links":{"self":[{"href":"https:\/\/linitiative.ca\/International\/wp-json\/wp\/v2\/posts\/88366","targetHints":{"allow":["GET"]}}],"collection":[{"href":"https:\/\/linitiative.ca\/International\/wp-json\/wp\/v2\/posts"}],"about":[{"href":"https:\/\/linitiative.ca\/International\/wp-json\/wp\/v2\/types\/post"}],"author":[{"embeddable":true,"href":"https:\/\/linitiative.ca\/International\/wp-json\/wp\/v2\/users\/1965"}],"replies":[{"embeddable":true,"href":"https:\/\/linitiative.ca\/International\/wp-json\/wp\/v2\/comments?post=88366"}],"version-history":[{"count":0,"href":"https:\/\/linitiative.ca\/International\/wp-json\/wp\/v2\/posts\/88366\/revisions"}],"wp:attachment":[{"href":"https:\/\/linitiative.ca\/International\/wp-json\/wp\/v2\/media?parent=88366"}],"wp:term":[{"taxonomy":"category","embeddable":true,"href":"https:\/\/linitiative.ca\/International\/wp-json\/wp\/v2\/categories?post=88366"},{"taxonomy":"post_tag","embeddable":true,"href":"https:\/\/linitiative.ca\/International\/wp-json\/wp\/v2\/tags?post=88366"}],"curies":[{"name":"wp","href":"https:\/\/api.w.org\/{rel}","templated":true}]}}