{"id":88367,"date":"2020-06-08T16:18:09","date_gmt":"2020-06-08T20:18:09","guid":{"rendered":"https:\/\/linitiative.ca\/International\/rwanda-arrestation-de-hauts-fonctionnaires-pour-detournement-de-fonds-publics\/"},"modified":"2020-06-08T16:18:09","modified_gmt":"2020-06-08T20:18:09","slug":"rwanda-arrestation-de-hauts-fonctionnaires-pour-detournement-de-fonds-publics","status":"publish","type":"post","link":"https:\/\/linitiative.ca\/International\/rwanda-arrestation-de-hauts-fonctionnaires-pour-detournement-de-fonds-publics\/","title":{"rendered":"Rwanda: arrestation de hauts fonctionnaires pour d\u00e9tournement de fonds publics"},"content":{"rendered":"<div readability=\"32\">\n<p>Publi\u00e9 le 08.06.2020 \u00e0 21h18 par APA News<\/p>\n<\/div>\n<div readability=\"70\">\n<p>Le Secr\u00e9taire permanent du minist\u00e8re rwandais des Finances et de la planification \u00e9conomique, Caleb Rwamuganza, a \u00e9t\u00e9 arr\u00eat\u00e9 avec d\u2019autres hauts responsables pour d\u00e9tournement et mauvaise gestion des fonds publics allou\u00e9s \u00e0 la relance du secteur \u00e9nerg\u00e9tique, a confirm\u00e9 lundi une source judiciaire \u00e0 APA \u00e0 Kigali.Selon le minist\u00e8re public, les enqu\u00eates et les arrestations subs\u00e9quentes sont bas\u00e9es sur les audits effectu\u00e9s cette ann\u00e9e, qui a mis au jour des actes frauduleux par lesquels d\u2019\u00e9normes sommes ont \u00e9t\u00e9 d\u00e9tourn\u00e9es.<\/p>\n<p>\u00a0Ces interpellations interviennent apr\u00e8s que des acteurs locaux du secteur des \u00e9nergies renouvelables, sous l\u2019\u00e9gide de leur organisme de tutelle, Energy Private Developers, ont cherch\u00e9 \u00e0 obtenir des financements pour aider \u00e0 atteindre les objectifs nationaux.<\/p>\n<p>\u00a0Les derniers rapports officiels indiquent que le Rwanda compte actuellement plus de 100 acteurs du secteur priv\u00e9 dans le secteur local des \u00e9nergies renouvelables, avec un impact limit\u00e9 en raison principalement des difficult\u00e9s de financement.<\/p>\n<p>\u00a0Dans le sous-secteur de l\u2019\u00e9nergie solaire, les op\u00e9rateurs existants ont jusqu\u2019\u00e0 pr\u00e9sent contribu\u00e9 \u00e0 environ 11% de la p\u00e9n\u00e9tration nationale.<\/p>\n<p>\u00a0Le gouvernement rwandais a une strat\u00e9gie visant \u00e0 \u00e9tendre l\u2019\u00e9lectricit\u00e9 \u00e0 l\u2019ensemble du pays d\u2019ici 2024.<\/p>\n<p>\u00a0Cette petite nation d\u2019Afrique de l\u2019Est est dot\u00e9e de ressources \u00e9nerg\u00e9tiques naturelles, notamment l\u2019hydro\u00e9lectricit\u00e9, l\u2019\u00e9nergie solaire et le gaz m\u00e9thane.<\/p>\n<p>\u00a0\u00c0 ce jour, 54,5% des m\u00e9nages rwandais ont acc\u00e8s \u00e0 l\u2019\u00e9lectricit\u00e9, selon les donn\u00e9es officielles.<\/p>\n<\/div>\n<p>Auteur: APA News<br \/>\n<a href=\"https:\/\/www.journalducameroun.com\/rwanda-arrestation-de-hauts-fonctionnaires-pour-detournement-de-fonds-publics\/\">Cliquez ici pour lire l&rsquo;article depuis sa source.<\/a><\/p>\n","protected":false},"excerpt":{"rendered":"<p>Publi\u00e9 le 08.06.2020 \u00e0 21h18 par APA News Le Secr\u00e9taire permanent du minist\u00e8re rwandais des Finances et de la planification \u00e9conomique, Caleb Rwamuganza, a \u00e9t\u00e9 arr\u00eat\u00e9 avec d\u2019autres hauts responsables pour d\u00e9tournement et mauvaise gestion des fonds publics allou\u00e9s \u00e0 la relance du secteur \u00e9nerg\u00e9tique, a confirm\u00e9 lundi une source judiciaire \u00e0 APA \u00e0 Kigali.Selon [&hellip;]<\/p>\n","protected":false},"author":1965,"featured_media":0,"comment_status":"closed","ping_status":"closed","sticky":false,"template":"","format":"standard","meta":{"fifu_image_url":"","fifu_image_alt":"","footnotes":""},"categories":[73,82],"tags":[],"class_list":["post-88367","post","type-post","status-publish","format-standard","hentry","category-actualite","category-cameroun"],"_links":{"self":[{"href":"https:\/\/linitiative.ca\/International\/wp-json\/wp\/v2\/posts\/88367","targetHints":{"allow":["GET"]}}],"collection":[{"href":"https:\/\/linitiative.ca\/International\/wp-json\/wp\/v2\/posts"}],"about":[{"href":"https:\/\/linitiative.ca\/International\/wp-json\/wp\/v2\/types\/post"}],"author":[{"embeddable":true,"href":"https:\/\/linitiative.ca\/International\/wp-json\/wp\/v2\/users\/1965"}],"replies":[{"embeddable":true,"href":"https:\/\/linitiative.ca\/International\/wp-json\/wp\/v2\/comments?post=88367"}],"version-history":[{"count":0,"href":"https:\/\/linitiative.ca\/International\/wp-json\/wp\/v2\/posts\/88367\/revisions"}],"wp:attachment":[{"href":"https:\/\/linitiative.ca\/International\/wp-json\/wp\/v2\/media?parent=88367"}],"wp:term":[{"taxonomy":"category","embeddable":true,"href":"https:\/\/linitiative.ca\/International\/wp-json\/wp\/v2\/categories?post=88367"},{"taxonomy":"post_tag","embeddable":true,"href":"https:\/\/linitiative.ca\/International\/wp-json\/wp\/v2\/tags?post=88367"}],"curies":[{"name":"wp","href":"https:\/\/api.w.org\/{rel}","templated":true}]}}