{"id":88373,"date":"2020-06-09T09:32:24","date_gmt":"2020-06-09T13:32:24","guid":{"rendered":"https:\/\/linitiative.ca\/International\/impact-de-la-covid-19-nadia-fettah-alaoui-dresse-letat-des-lieux\/"},"modified":"2020-06-09T09:32:24","modified_gmt":"2020-06-09T13:32:24","slug":"impact-de-la-covid-19-nadia-fettah-alaoui-dresse-letat-des-lieux","status":"publish","type":"post","link":"https:\/\/linitiative.ca\/International\/impact-de-la-covid-19-nadia-fettah-alaoui-dresse-letat-des-lieux\/","title":{"rendered":"Impact de la Covid-19 : Nadia Fettah Alaoui dresse l\u2019\u00e9tat des lieux"},"content":{"rendered":"<p><img decoding=\"async\" class=\"post_layout_5_img\" src=\"http:\/\/aujourdhui.ma\/wp-content\/uploads\/2020\/06\/Nadia-Fettah-Alaoui-Tourisme-Parlement.jpg\" alt=\"Impact de la Covid-19 : Nadia Fettah Alaoui dresse l&#x2019;&#xE9;tat des lieux\"\/><\/p>\n<p><span class=\"c6\"><strong><span class=\"c5\">Tourisme, artisanat et a\u00e9rien<\/span><\/strong><\/span><br \/><span id=\"more-347098\"\/><\/p>\n<p>Apr\u00e8s avoir encaiss\u00e9 un coup dur suite au Covid-19, la destination Maroc aspire \u00e0 se repositionner sur l\u2019\u00e9chiquier international une fois la crise dissip\u00e9e. C\u2019est dans ce sens qu\u2019un plan d\u2019action int\u00e9gr\u00e9 et participatif a \u00e9t\u00e9 \u00e9labor\u00e9 avec pour orientation principale\u00a0: favoriser le positionnement du Maroc dans le monde apr\u00e8s la Covid-19. Les contours de cette vision ont \u00e9t\u00e9 d\u00e9voil\u00e9s par Nadia Fettah Alaoui, ministre du tourisme, de l\u2019artisanat, du transport a\u00e9rien et de l\u2019\u00e9conomie sociale, lors de son oral, lundi, \u00e0 la Chambre des repr\u00e9sentants. La feuille de route vise en effet le d\u00e9collage du secteur tout en pr\u00e9servant l\u2019emploi, les comp\u00e9tences et les capacit\u00e9s des professionnels. Ce plan accorde par ailleurs une attention particuli\u00e8re au tourisme interne \u00e0 travers la mise en place d\u2019une offre de qualit\u00e9 qui r\u00e9pond aux diff\u00e9rents besoins des touristes.<\/p>\n<p>L\u2019engagement \u00e9tant de r\u00e9tablir la confiance du touriste national et de promouvoir le produit local. La ministre a par ailleurs soulign\u00e9 que des mesures inscrites dans ce plan d\u2019action sont en cours de n\u00e9gociations. Elles portent en effet sur les aspects financiers, sociaux et de gouvernance. La ministre a rappel\u00e9 dans son intervention que la crise actuelle a d\u00e9montr\u00e9 la n\u00e9cessit\u00e9 de structurer le secteur et de g\u00e9n\u00e9raliser la couverture sociale. Il s\u2019agit aujourd\u2019hui de l\u2019une des priorit\u00e9s auxquelles s\u2019attelle la tutelle avec pour premi\u00e8re cible les guides touristiques avant qu\u2019elle ne soit g\u00e9n\u00e9ralis\u00e9e aux autres cat\u00e9gories de professionnels. La structuration du secteur de l\u2019artisanat est \u00e9galement de mise. Dans l\u2019optique d\u2019am\u00e9liorer les conditions de travail dans ce secteur, la tutelle active les consultations avec les professionnels et les Chambres d\u2019artisanat. Des \u00e9changes qui s\u2019inscrivent conform\u00e9ment aux dispositions des lois n\u00b0 98-15 relatives au syst\u00e8me de l\u2019assurance maladie obligatoire destin\u00e9 aux professionnels, travailleurs ind\u00e9pendants et non salari\u00e9s exer\u00e7ant des activit\u00e9s priv\u00e9es et n\u00b0 99-15 instituant un r\u00e9gime de pensions pour les cat\u00e9gories des professionnels, des travailleurs ind\u00e9pendants et des personnes non salari\u00e9es exer\u00e7ant une activit\u00e9 lib\u00e9rale.<\/p>\n<p>De m\u00eame, l\u2019ach\u00e8vement du processus d\u2019adoption du projet de loi 50-17 relatif \u00e0 l\u2019exercice des activit\u00e9s artisanales permettra d\u2019identifier les cat\u00e9gories d\u2019acteurs du secteur et, ainsi, de g\u00e9n\u00e9raliser la couverture sociale au profit d\u2019une large cat\u00e9gorie d\u2019artisans. Se r\u00e9f\u00e9rant \u00e0 Nadia Fettah Alaoui, la relance des activit\u00e9s artisanales porte en effet sur le renforcement du dispositif de sant\u00e9 et de s\u00e9curit\u00e9, la restructuration du secteur ainsi que sur l\u2019accompagnement des artisans aussi bien sur le volet production que sur le volet marketing et financement. La ministre assure dans ce sens que des conventions sont en cours d\u2019\u00e9laboration avec les Chambres d\u2019artisanat pour la promotion du secteur dans les diff\u00e9rentes r\u00e9gions du Royaume et la mise en place de cellules d\u2019\u00e9coute dans les directions territoriales du minist\u00e8re. En ce qui concerne l\u2019\u00e9conomie sociale, la tutelle a \u0153uvr\u00e9 depuis le d\u00e9clenchement de la crise sanitaire \u00e0 accompagner l\u2019ensemble des intervenants sur les plans op\u00e9rationnel, marketing et l\u00e9gislatif.<\/p>\n<p>Interrog\u00e9e sur la reprise du travail et l\u2019ouverture de l\u2019espace a\u00e9rien, Nadia Fettah Alaoui assure que son d\u00e9partement veille \u00e0 l\u2019\u00e9laboration d\u2019une s\u00e9rie de recommandations visant \u00e0 assurer des conditions de travail appropri\u00e9es pour les op\u00e9rations a\u00e9riennes, \u00e0 prot\u00e9ger les passagers et les usagers et \u00e0 assurer en g\u00e9n\u00e9ral la protection de la s\u00e9curit\u00e9 et de la s\u00fbret\u00e9 de l\u2019aviation civile. L\u2019objectif \u00e9tant de reprendre progressivement les activit\u00e9s de transport a\u00e9rien et d\u2019accorder les facilit\u00e9s n\u00e9cessaires aux prestataires de services dans les a\u00e9roports. Pour ce qui est de la Royal Air Maroc, la ministre a indiqu\u00e9 que la compagnie a mis en place un plan d\u2019aust\u00e9rit\u00e9 pour faire face aux r\u00e9percussions de la crise sanitaire. Se r\u00e9f\u00e9rant \u00e0 Mme Fettah Alaoui, un plan de relance est actuellement en cours, fond\u00e9 sur une analyse de la demande et des mesures pr\u00e9ventives pour les passagers et les employ\u00e9s. Rappelons que la compagnie a maintenu un certain nombre d\u2019avions en service, notamment les appareils r\u00e9serv\u00e9s au fret qui ont effectu\u00e9 des dizaines de vols durant les derni\u00e8res semaines vers la Chine et la Cor\u00e9e du Sud pour transporter des \u00e9quipements et du mat\u00e9riel m\u00e9dical. RAM assure aussi, en cette p\u00e9riode, des vols pour importer et exporter des milliers de tonnes de produits de consommation en faveur du Maroc ou de pays d\u2019Afrique en vue de promouvoir l\u2019\u00e9conomie nationale et africaine.<\/p>\n<div class=\"base-box mom_box_sc_custom mom_box_sc clear c8\" readability=\"23\">\n<p><span class=\"c7\"><strong>Des chiffres parlants<\/strong><\/span><\/p>\n<p>\u2013 Tourisme : Les arriv\u00e9es ont baiss\u00e9 de 45% durant les quatre premiers mois de l\u2019ann\u00e9e. Les nuit\u00e9es ont marqu\u00e9 pour leur part une baisse de 43% sur ladite p\u00e9riode. Quant aux recettes, elles ont fl\u00e9chi de 15% compar\u00e9 aux quatre premiers mois de l\u2019ann\u00e9e pr\u00e9c\u00e9dente.<\/p>\n<p>\u2013 Artisanat : L\u2019impact de la propagation de la pand\u00e9mie sur le secteur se traduit par une baisse de 34% des exportations. Notons qu\u2019\u00e0 l\u2019instar de l\u2019ensemble des secteurs, l\u2019artisanat a connu un arr\u00eat quasi total de son activit\u00e9 et par cons\u00e9quent une baisse des commandes aussi bien au niveau national qu\u2019international.<\/p>\n<p>\u2013 A\u00e9rien : Selon un rapport de l\u2019Association internationale du transport a\u00e9rien (IATA), le trafic a\u00e9rien national a connu une r\u00e9duction de 5 millions de passagers durant cette p\u00e9riode de confinement sans pour autant pr\u00e9ciser les pertes financi\u00e8res et d\u2019emplois dans le secteur. Selon l\u2019IATA, les recettes des compagnies a\u00e9riennes devraient baisser d\u2019environ 252 milliards de dollars impactant ainsi le potentiel de l\u2019industrie a\u00e9ronautique qui devrait diminuer de plus de 30% en 2020.<\/p>\n<\/div>\n<p>Auteur: Kawtar Tali<br \/>\n<a href=\"https:\/\/aujourdhui.ma\/economie\/impact-de-la-covid-19-nadia-fettah-alaoui-dresse-letat-des-lieux\">Cliquez ici pour lire l&rsquo;article depuis sa source.<\/a><\/p>\n","protected":false},"excerpt":{"rendered":"<p>Tourisme, artisanat et a\u00e9rien Apr\u00e8s avoir encaiss\u00e9 un coup dur suite au Covid-19, la destination Maroc aspire \u00e0 se repositionner sur l\u2019\u00e9chiquier international une fois la crise dissip\u00e9e. C\u2019est dans ce sens qu\u2019un plan d\u2019action int\u00e9gr\u00e9 et participatif a \u00e9t\u00e9 \u00e9labor\u00e9 avec pour orientation principale\u00a0: favoriser le positionnement du Maroc dans le monde apr\u00e8s la [&hellip;]<\/p>\n","protected":false},"author":1759,"featured_media":88374,"comment_status":"closed","ping_status":"closed","sticky":false,"template":"","format":"standard","meta":{"fifu_image_url":"","fifu_image_alt":"","footnotes":""},"categories":[73,54],"tags":[],"class_list":["post-88373","post","type-post","status-publish","format-standard","has-post-thumbnail","hentry","category-actualite","category-maroc"],"_links":{"self":[{"href":"https:\/\/linitiative.ca\/International\/wp-json\/wp\/v2\/posts\/88373","targetHints":{"allow":["GET"]}}],"collection":[{"href":"https:\/\/linitiative.ca\/International\/wp-json\/wp\/v2\/posts"}],"about":[{"href":"https:\/\/linitiative.ca\/International\/wp-json\/wp\/v2\/types\/post"}],"author":[{"embeddable":true,"href":"https:\/\/linitiative.ca\/International\/wp-json\/wp\/v2\/users\/1759"}],"replies":[{"embeddable":true,"href":"https:\/\/linitiative.ca\/International\/wp-json\/wp\/v2\/comments?post=88373"}],"version-history":[{"count":0,"href":"https:\/\/linitiative.ca\/International\/wp-json\/wp\/v2\/posts\/88373\/revisions"}],"wp:featuredmedia":[{"embeddable":true,"href":"https:\/\/linitiative.ca\/International\/wp-json\/"}],"wp:attachment":[{"href":"https:\/\/linitiative.ca\/International\/wp-json\/wp\/v2\/media?parent=88373"}],"wp:term":[{"taxonomy":"category","embeddable":true,"href":"https:\/\/linitiative.ca\/International\/wp-json\/wp\/v2\/categories?post=88373"},{"taxonomy":"post_tag","embeddable":true,"href":"https:\/\/linitiative.ca\/International\/wp-json\/wp\/v2\/tags?post=88373"}],"curies":[{"name":"wp","href":"https:\/\/api.w.org\/{rel}","templated":true}]}}