{"id":88377,"date":"2020-06-09T10:02:10","date_gmt":"2020-06-09T14:02:10","guid":{"rendered":"https:\/\/linitiative.ca\/International\/covid-19-casablanca-settat-se-dote-dun-laboratoire-mobile-de-depistage\/"},"modified":"2020-06-09T10:02:10","modified_gmt":"2020-06-09T14:02:10","slug":"covid-19-casablanca-settat-se-dote-dun-laboratoire-mobile-de-depistage","status":"publish","type":"post","link":"https:\/\/linitiative.ca\/International\/covid-19-casablanca-settat-se-dote-dun-laboratoire-mobile-de-depistage\/","title":{"rendered":"Covid-19: Casablanca-Settat se dote d\u2019un laboratoire mobile de d\u00e9pistage"},"content":{"rendered":"<header>\n<\/header>\n<div class=\"entry-content clearfix\" readability=\"64\"><img decoding=\"async\" class=\"post_layout_5_img\" src=\"http:\/\/aujourdhui.ma\/wp-content\/uploads\/2020\/06\/Laboratoire-Mobile-Covid-19-Coronavirus.jpg\" alt=\"Covid-19: Casablanca-Settat se dote d&#x2019;un laboratoire mobile de d&#xE9;pistage\"\/><\/p>\n<p><span class=\"c5\"><strong>La Wilaya de la r\u00e9gion de Casablanca-Settat a r\u00e9ceptionn\u00e9, lundi soir, un laboratoire mobile de d\u00e9pistage de la pand\u00e9mie du nouveau coronavirus (Covid-19), qui sera op\u00e9rationnel dans un premier au niveau de la capitale \u00e9conomique.<\/strong><\/span><br \/><span id=\"more-347105\"\/><\/p>\n<p>D\u00e9ploy\u00e9e par le minist\u00e8re de la Sant\u00e9, cette unit\u00e9, qui se d\u00e9placera plus tard dans d\u2019autres villes de la r\u00e9gion, va contribuer \u00e0 augmenter la capacit\u00e9 de d\u00e9pistage et \u00e0 r\u00e9duire le d\u00e9lai de rendu des r\u00e9sultats des analyses.<\/p>\n<p>Le laboratoire, le deuxi\u00e8me du genre apr\u00e8s celui install\u00e9 dans la r\u00e9gion de F\u00e8s-Mekn\u00e8s, \u00ab\u00a0pourra effectuer quelque 600 tests par jour et permettra de renforcer la capacit\u00e9 nationale de d\u00e9pistage, qui a d\u00e9pass\u00e9 actuellement 17.500 tests par jour\u00a0\u00bb, a fait savoir Abdelilah Boutaleb, secr\u00e9taire g\u00e9n\u00e9ral du minist\u00e8re, dans une d\u00e9claration \u00e0 la presse.<\/p>\n<p>Cette initiative, qui intervient en application des hautes directives royales, b\u00e9n\u00e9ficiera aux salari\u00e9s des entreprises du secteur priv\u00e9, dans la perspective de la reprise d\u2019activit\u00e9 et de la relance de l\u2019\u00e9conomie nationale, mettant l\u2019accent sur la pr\u00e9servation de la sant\u00e9 et de la s\u00e9curit\u00e9 des employ\u00e9s de ces soci\u00e9t\u00e9s.<\/p>\n<\/div>\n<p>Auteur: ALM<br \/>\n<a href=\"https:\/\/aujourdhui.ma\/societe\/covid-19-casablanca-settat-se-dote-dun-laboratoire-mobile-de-depistage\">Cliquez ici pour lire l&rsquo;article depuis sa source.<\/a><\/p>\n","protected":false},"excerpt":{"rendered":"<p>La Wilaya de la r\u00e9gion de Casablanca-Settat a r\u00e9ceptionn\u00e9, lundi soir, un laboratoire mobile de d\u00e9pistage de la pand\u00e9mie du nouveau coronavirus (Covid-19), qui sera op\u00e9rationnel dans un premier au niveau de la capitale \u00e9conomique. D\u00e9ploy\u00e9e par le minist\u00e8re de la Sant\u00e9, cette unit\u00e9, qui se d\u00e9placera plus tard dans d\u2019autres villes de la r\u00e9gion, [&hellip;]<\/p>\n","protected":false},"author":1759,"featured_media":88378,"comment_status":"closed","ping_status":"closed","sticky":false,"template":"","format":"standard","meta":{"fifu_image_url":"","fifu_image_alt":"","footnotes":""},"categories":[73,54],"tags":[],"class_list":["post-88377","post","type-post","status-publish","format-standard","has-post-thumbnail","hentry","category-actualite","category-maroc"],"_links":{"self":[{"href":"https:\/\/linitiative.ca\/International\/wp-json\/wp\/v2\/posts\/88377","targetHints":{"allow":["GET"]}}],"collection":[{"href":"https:\/\/linitiative.ca\/International\/wp-json\/wp\/v2\/posts"}],"about":[{"href":"https:\/\/linitiative.ca\/International\/wp-json\/wp\/v2\/types\/post"}],"author":[{"embeddable":true,"href":"https:\/\/linitiative.ca\/International\/wp-json\/wp\/v2\/users\/1759"}],"replies":[{"embeddable":true,"href":"https:\/\/linitiative.ca\/International\/wp-json\/wp\/v2\/comments?post=88377"}],"version-history":[{"count":0,"href":"https:\/\/linitiative.ca\/International\/wp-json\/wp\/v2\/posts\/88377\/revisions"}],"wp:featuredmedia":[{"embeddable":true,"href":"https:\/\/linitiative.ca\/International\/wp-json\/"}],"wp:attachment":[{"href":"https:\/\/linitiative.ca\/International\/wp-json\/wp\/v2\/media?parent=88377"}],"wp:term":[{"taxonomy":"category","embeddable":true,"href":"https:\/\/linitiative.ca\/International\/wp-json\/wp\/v2\/categories?post=88377"},{"taxonomy":"post_tag","embeddable":true,"href":"https:\/\/linitiative.ca\/International\/wp-json\/wp\/v2\/tags?post=88377"}],"curies":[{"name":"wp","href":"https:\/\/api.w.org\/{rel}","templated":true}]}}