{"id":88382,"date":"2020-06-09T11:28:36","date_gmt":"2020-06-09T15:28:36","guid":{"rendered":"https:\/\/linitiative.ca\/International\/le-spleen-de-mohamed-belmou\/"},"modified":"2020-06-09T11:28:36","modified_gmt":"2020-06-09T15:28:36","slug":"le-spleen-de-mohamed-belmou","status":"publish","type":"post","link":"https:\/\/linitiative.ca\/International\/le-spleen-de-mohamed-belmou\/","title":{"rendered":"Le spleen de Mohamed Belmou\u2026"},"content":{"rendered":"<p class=\"c2\"><strong>Mohamed Nait Youssef<\/strong><\/p>\n<p class=\"has-text-color c3\"><strong>La po\u00e9sie sert-elle \u00e0 quelque chose en ces temps fragiles et froids ? La voix du po\u00e8te tombera-t-elle, d\u00e9sormais, dans des oreilles intelligentes, attentives d\u2019une humanit\u00e9 ayant aval\u00e9 sa langue? Que valent-elles alors, toutes ces paroles qui raisonnent dans le ventre d\u2019un po\u00e8me \u00e0 venir, qui troublent dans les tripes d\u2019un vers orphelin et errant? Solitaire.<\/strong><\/p>\n<p>Le po\u00e8te porte ses maux un peu plus loin d\u2019ici. L\u00e0-bas, o\u00f9 les mots donnent des ailes \u00e0 l\u2019imaginaire et pansent les plaies\u00a0 de l\u2019\u00e2me. Ainsi, certaines po\u00e9sies sont port\u00e9es par les vents aliz\u00e9s \u00e0 la qu\u00eate des nouveaux territoires ensoleill\u00e9s et vastes. Telle la po\u00e9sie de Mohamed Belmou: profonde, m\u00e9diatrice et actuelle.<\/p>\n<p>\u00a0\u00abTa\u00e2nate fi Dahri Al Hawae\u00bb, litt\u00e9ralement \u00abCoups durs dans le dos de l\u2019air\u00bb, est l\u2019intitul\u00e9 de\u00a0 son dernier recueil de po\u00e9sies paru aux Editions \u00abRVB\u00bb.<\/p>\n<p>Le titre choisit par le po\u00e8te est d\u2019une profondeur po\u00e9tique donnant \u00e0 m\u00e9diter un univers fragment\u00e9 entre des th\u00e9matiques fondamentales, \u00e0 savoir la trahison, la vie, la libert\u00e9, la cr\u00e9ation et la continuit\u00e9.<\/p>\n<p>Le po\u00e8te est habit\u00e9 par un chagrin creusant des puits infinis dans sa verve. Ainsi, depuis le d\u00e9part d\u00e9finitif de sa petite-fille \u00abArij\u00bb, les mots de Belmou puisent dans\u00a0 son spleen interminable et ses \u00e9motions d\u00e9chir\u00e9es. A vrai dire, les paroles ont leurs\u00a0 raisons que la po\u00e9sie elle-m\u00eame ignore! Or, dans ce floril\u00e8ge de 15 po\u00e8mes, le po\u00e8te voyage par le truchement du langage po\u00e9tique \u00e0 l\u2019autre rive, \u00e0 l\u2019autre monde, son monde\u2026 loin de la noirceur et des bonheurs factices de son v\u00e9cu.<\/p>\n<p>D\u2019un po\u00e8me \u00e0 l\u2019autre, un fil d\u2019Ariane se tisse avec un espoir tant attendu et recherch\u00e9. \u00abLa po\u00e9sie est ma demeure \u00e9ternelle ! Et mes mots se nourrissent de ma solitude, de\u00a0 mon \u00e9tranget\u00e9\u00bb, confie le po\u00e8te. Les mots ont toujours la peau dure un peu comme les temps r\u00e9sistant aux vents et mar\u00e9es de la vie.<\/p>\n<p>\u00abLa po\u00e9tique du trag\u00e9dien dans son nouvel recueil \u00abTa\u00e2nate fi Dahri Al Hawae\u00bb ne nous expose pas face \u00e0 un ego min\u00e9 par la douleur et \u00e9puis\u00e9 par la perdition, les tristesses et les malheurs, mais nous place devant un corps \u00absisyphique\u00bb tr\u00e8s attach\u00e9 \u00e0 l\u2019univers et fort enclin \u00e0 contrecarrer le mal et les destins ha\u00efssables\u00bb, \u00e9crivait l\u2019universitaire et chercheur esth\u00e8te, Mohammed Chiguer dans la\u00a0 pr\u00e9face du livre.<\/p>\n<p>Dans \u00abTa\u00e2nate fi Dahri Al Hawae\u00bb, le po\u00e8te interroge le sens de l\u2019existence et celui de la po\u00e9sie. Rien alors ne pourra traduire cet attachement \u00e0 la vie avec ses hauts et ses bas sans cette po\u00e9tisation du monde, du vecu.<\/p>\n<p>Belmou compte \u00e0 son actif trois recueils dont \u00abHamaqat Assalmoune\u00bb (Les folies du saumon), un recueil sorti en de po\u00e9sies en 2007 avec la collaboration de Abdelaati Jamil, \u00abSawt Attourab\u00bb (Son de la poussi\u00e8re) paru en 2011 aux \u00e9ditions de l\u2019Union des \u00e9crivains du Maroc (UEM), \u00abRamad Al Yaqine\u00bb (Cendres de la conviction) et la pi\u00e8ce de th\u00e9\u00e2tre \u00ab\u00c2ne malgr\u00e9 lui\u00bb (2018) \u00e9crite en coop\u00e9ration avec le sc\u00e9nariste et \u00e9crivain marocain Abdelilah Benhadar.<\/p>\n<p>Auteur: M&rsquo;hammed rahal<br \/>\n<a href=\"http:\/\/albayane.press.ma\/le-spleen-de-mohamed-belmou.html\">Cliquez ici pour lire l&rsquo;article depuis sa source.<\/a><\/p>\n","protected":false},"excerpt":{"rendered":"<p>Mohamed Nait Youssef La po\u00e9sie sert-elle \u00e0 quelque chose en ces temps fragiles et froids ? La voix du po\u00e8te tombera-t-elle, d\u00e9sormais, dans des oreilles intelligentes, attentives d\u2019une humanit\u00e9 ayant aval\u00e9 sa langue? Que valent-elles alors, toutes ces paroles qui raisonnent dans le ventre d\u2019un po\u00e8me \u00e0 venir, qui troublent dans les tripes d\u2019un vers [&hellip;]<\/p>\n","protected":false},"author":1760,"featured_media":0,"comment_status":"closed","ping_status":"closed","sticky":false,"template":"","format":"standard","meta":{"fifu_image_url":"","fifu_image_alt":"","footnotes":""},"categories":[73,54],"tags":[],"class_list":["post-88382","post","type-post","status-publish","format-standard","hentry","category-actualite","category-maroc"],"_links":{"self":[{"href":"https:\/\/linitiative.ca\/International\/wp-json\/wp\/v2\/posts\/88382","targetHints":{"allow":["GET"]}}],"collection":[{"href":"https:\/\/linitiative.ca\/International\/wp-json\/wp\/v2\/posts"}],"about":[{"href":"https:\/\/linitiative.ca\/International\/wp-json\/wp\/v2\/types\/post"}],"author":[{"embeddable":true,"href":"https:\/\/linitiative.ca\/International\/wp-json\/wp\/v2\/users\/1760"}],"replies":[{"embeddable":true,"href":"https:\/\/linitiative.ca\/International\/wp-json\/wp\/v2\/comments?post=88382"}],"version-history":[{"count":0,"href":"https:\/\/linitiative.ca\/International\/wp-json\/wp\/v2\/posts\/88382\/revisions"}],"wp:attachment":[{"href":"https:\/\/linitiative.ca\/International\/wp-json\/wp\/v2\/media?parent=88382"}],"wp:term":[{"taxonomy":"category","embeddable":true,"href":"https:\/\/linitiative.ca\/International\/wp-json\/wp\/v2\/categories?post=88382"},{"taxonomy":"post_tag","embeddable":true,"href":"https:\/\/linitiative.ca\/International\/wp-json\/wp\/v2\/tags?post=88382"}],"curies":[{"name":"wp","href":"https:\/\/api.w.org\/{rel}","templated":true}]}}