{"id":88392,"date":"2020-06-09T11:07:00","date_gmt":"2020-06-09T15:07:00","guid":{"rendered":"https:\/\/linitiative.ca\/International\/mohand-oussaid-denonce-lutilisation-de-la-religion-dans-le-debat\/"},"modified":"2020-06-09T11:07:00","modified_gmt":"2020-06-09T15:07:00","slug":"mohand-oussaid-denonce-lutilisation-de-la-religion-dans-le-debat","status":"publish","type":"post","link":"https:\/\/linitiative.ca\/International\/mohand-oussaid-denonce-lutilisation-de-la-religion-dans-le-debat\/","title":{"rendered":"Mohand Oussa\u00efd  d\u00e9nonce l\u2019utilisation de la religion dans le d\u00e9bat"},"content":{"rendered":"<div id=\"originalText\" readability=\"89\">\n<p>Le ministre conseiller \u00e0 la communication, porte-parole officiel de la Pr\u00e9sidence de la R\u00e9publique, Mohand Oussa\u00efd Bela\u00efd, a indiqu\u00e9, ce mardi \u00e0 Alger, que \u00ab\u00a0soulever la question de la religion dans les d\u00e9bats est une provocation claire envers les sentiments des citoyens et citoyennes\u00a0\u00bb.<\/p>\n<p>Lors d\u2019une conf\u00e9rence de presse anim\u00e9e au si\u00e8ge de la Pr\u00e9sidence de la R\u00e9publique, le ministre conseiller, a, en effet, point\u00e9 du doigt \u00ab\u00a0ces sp\u00e9cialistes qui s\u00e8ment la zizanie et la discorde et qui veulent d\u00e9tourner l\u2019attention sur l\u2019instauration d\u2019une v\u00e9ritable d\u00e9mocratie\u00a0\u00bb.<\/p>\n<p>Concernant la mouture de l\u2019avant-projet de r\u00e9vision de la Constitution, Mohand Oussa\u00efd Bela\u00efd a fait \u00e9tat d\u2019une possible prorogation, pour une dur\u00e9e raisonnable, de la campagne de d\u00e9bat, afin que la Constitution escompt\u00e9e soit \u00ab\u00a0le fruit d\u2019un consensus national le plus large possible\u00a0\u00bb.<\/p>\n<p>\u00c0 une question sur ce qui a \u00e9t\u00e9 \u00e9voqu\u00e9 dans le communiqu\u00e9 de Soufiane Djilali (pr\u00e9sident de Jil Jadid) concernant sa demande de lib\u00e9ration de certains d\u00e9tenus, le conf\u00e9rencier a pr\u00e9cis\u00e9 qu\u2019 Abdelmadjid Tebboune a \u00ab\u00a0r\u00e9pondu \u00e0 la demande du pr\u00e9sident de Jil Jadid et promis de l&rsquo;\u00e9tudier dans le cadre du plein et strict respect de ses pouvoirs constitutionnels et de son attachement total au respect de l&rsquo;ind\u00e9pendance de la justice\u00a0\u00bb, en estimant que ceux qui boycottent le dialogue \u00ab\u00a0assument leurs responsabilit\u00e9s\u00a0\u00bb.<\/p>\n<p>Au sujet de la situation sanitaire du pays, le porte-parole a affirm\u00e9 que l\u2019Etat veillait \u00e0 \u00ab\u00a0ne pas risquer\u00a0\u00bb la vie des citoyens, tout en recherchant des \u00ab\u00a0compromis\u00a0\u00bb entre la relance de la vie \u00e9conomique et la lutte contre la pand\u00e9mie de Covid-19, en pr\u00e9cisant qu&rsquo;il avait \u00e9t\u00e9 d\u00e9cid\u00e9 de commencer \u00e0 pr\u00e9parer un plan d\u2019action pour la phase post-Covid-19.<\/p>\n<p>R\u00e9pondant \u00e0 une question sur la derni\u00e8re initiative lanc\u00e9e par l\u2019Egypte pour un cessez-le-feu en Libye, le porte-parole a soutenu que l\u2019Alg\u00e9rie \u00e9tait favorable \u00e0 toute initiative, quelle qu&rsquo;en soit l&rsquo;origine, visant \u00e0 mettre un terme \u00e0 l\u2019effusion du sang des Libyens.\u00a0<\/p>\n<p>A ce propos, Oussa\u00efd Bela\u00efd a ajout\u00e9 que l\u2019Alg\u00e9rie \u00ab\u00a0suit avec int\u00e9r\u00eat l&rsquo;\u00e9volution des \u00e9v\u00e9nements dans ce pays\u00a0\u00bb, en indiquant que \u00ab\u00a0nous nous tenons \u00e0 \u00e9quidistance vis-\u00e0-vis de toutes les parties, car nous souhaitons nous acquitter du r\u00f4le de m\u00e9diateur qui \u0153uvre \u00e0 unir les bellig\u00e9rants sans pour autant prendre parti pour l\u2019un contre l\u2019autre, ou attendre d\u2019autres d\u00e9veloppements de la situation militaire sur le terrain\u00a0\u00bb.<\/p>\n<p class=\"c6\"><strong>R\u00e9daction Web<\/strong><\/p>\n<\/div>\n<div id=\"text_core\" readability=\"89\">\n<p>Le ministre conseiller \u00e0 la communication, porte-parole officiel de la Pr\u00e9sidence de la R\u00e9publique, Mohand Oussa\u00efd Bela\u00efd, a indiqu\u00e9, ce mardi \u00e0 Alger, que \u00ab\u00a0soulever la question de la religion dans les d\u00e9bats est une provocation claire envers les sentiments des citoyens et citoyennes\u00a0\u00bb.<\/p>\n<p>Lors d\u2019une conf\u00e9rence de presse anim\u00e9e au si\u00e8ge de la Pr\u00e9sidence de la R\u00e9publique, le ministre conseiller, a, en effet, point\u00e9 du doigt \u00ab\u00a0ces sp\u00e9cialistes qui s\u00e8ment la zizanie et la discorde et qui veulent d\u00e9tourner l\u2019attention sur l\u2019instauration d\u2019une v\u00e9ritable d\u00e9mocratie\u00a0\u00bb.<\/p>\n<p>Concernant la mouture de l\u2019avant-projet de r\u00e9vision de la Constitution, Mohand Oussa\u00efd Bela\u00efd a fait \u00e9tat d\u2019une possible prorogation, pour une dur\u00e9e raisonnable, de la campagne de d\u00e9bat, afin que la Constitution escompt\u00e9e soit \u00ab\u00a0le fruit d\u2019un consensus national le plus large possible\u00a0\u00bb.<\/p>\n<p>\u00c0 une question sur ce qui a \u00e9t\u00e9 \u00e9voqu\u00e9 dans le communiqu\u00e9 de Soufiane Djilali (pr\u00e9sident de Jil Jadid) concernant sa demande de lib\u00e9ration de certains d\u00e9tenus, le conf\u00e9rencier a pr\u00e9cis\u00e9 qu\u2019 Abdelmadjid Tebboune a \u00ab\u00a0r\u00e9pondu \u00e0 la demande du pr\u00e9sident de Jil Jadid et promis de l&rsquo;\u00e9tudier dans le cadre du plein et strict respect de ses pouvoirs constitutionnels et de son attachement total au respect de l&rsquo;ind\u00e9pendance de la justice\u00a0\u00bb, en estimant que ceux qui boycottent le dialogue \u00ab\u00a0assument leurs responsabilit\u00e9s\u00a0\u00bb.<\/p>\n<p>Au sujet de la situation sanitaire du pays, le porte-parole a affirm\u00e9 que l\u2019Etat veillait \u00e0 \u00ab\u00a0ne pas risquer\u00a0\u00bb la vie des citoyens, tout en recherchant des \u00ab\u00a0compromis\u00a0\u00bb entre la relance de la vie \u00e9conomique et la lutte contre la pand\u00e9mie de Covid-19, en pr\u00e9cisant qu&rsquo;il avait \u00e9t\u00e9 d\u00e9cid\u00e9 de commencer \u00e0 pr\u00e9parer un plan d\u2019action pour la phase post-Covid-19.<\/p>\n<p>R\u00e9pondant \u00e0 une question sur la derni\u00e8re initiative lanc\u00e9e par l\u2019Egypte pour un cessez-le-feu en Libye, le porte-parole a soutenu que l\u2019Alg\u00e9rie \u00e9tait favorable \u00e0 toute initiative, quelle qu&rsquo;en soit l&rsquo;origine, visant \u00e0 mettre un terme \u00e0 l\u2019effusion du sang des Libyens.\u00a0<\/p>\n<p>A ce propos, Oussa\u00efd Bela\u00efd a ajout\u00e9 que l\u2019Alg\u00e9rie \u00ab\u00a0suit avec int\u00e9r\u00eat l&rsquo;\u00e9volution des \u00e9v\u00e9nements dans ce pays\u00a0\u00bb, en indiquant que \u00ab\u00a0nous nous tenons \u00e0 \u00e9quidistance vis-\u00e0-vis de toutes les parties, car nous souhaitons nous acquitter du r\u00f4le de m\u00e9diateur qui \u0153uvre \u00e0 unir les bellig\u00e9rants sans pour autant prendre parti pour l\u2019un contre l\u2019autre, ou attendre d\u2019autres d\u00e9veloppements de la situation militaire sur le terrain\u00a0\u00bb.<\/p>\n<p class=\"c6\"><strong>R\u00e9daction Web<\/strong><\/p>\n<\/div>\n<p>Auteur:<br \/>\n<a href=\"https:\/\/www.liberte-algerie.com\/actualite\/mohand-oussaid-denonce-lutilisation-de-la-religion-dans-le-debat-339950\">Cliquez ici pour lire l&rsquo;article depuis sa source.<\/a><\/p>\n","protected":false},"excerpt":{"rendered":"<p>Le ministre conseiller \u00e0 la communication, porte-parole officiel de la Pr\u00e9sidence de la R\u00e9publique, Mohand Oussa\u00efd Bela\u00efd, a indiqu\u00e9, ce mardi \u00e0 Alger, que \u00ab\u00a0soulever la question de la religion dans les d\u00e9bats est une provocation claire envers les sentiments des citoyens et citoyennes\u00a0\u00bb. Lors d\u2019une conf\u00e9rence de presse anim\u00e9e au si\u00e8ge de la Pr\u00e9sidence [&hellip;]<\/p>\n","protected":false},"author":1742,"featured_media":0,"comment_status":"closed","ping_status":"closed","sticky":false,"template":"","format":"standard","meta":{"fifu_image_url":"","fifu_image_alt":"","footnotes":""},"categories":[73,53],"tags":[],"class_list":["post-88392","post","type-post","status-publish","format-standard","hentry","category-actualite","category-algerie"],"_links":{"self":[{"href":"https:\/\/linitiative.ca\/International\/wp-json\/wp\/v2\/posts\/88392","targetHints":{"allow":["GET"]}}],"collection":[{"href":"https:\/\/linitiative.ca\/International\/wp-json\/wp\/v2\/posts"}],"about":[{"href":"https:\/\/linitiative.ca\/International\/wp-json\/wp\/v2\/types\/post"}],"author":[{"embeddable":true,"href":"https:\/\/linitiative.ca\/International\/wp-json\/wp\/v2\/users\/1742"}],"replies":[{"embeddable":true,"href":"https:\/\/linitiative.ca\/International\/wp-json\/wp\/v2\/comments?post=88392"}],"version-history":[{"count":0,"href":"https:\/\/linitiative.ca\/International\/wp-json\/wp\/v2\/posts\/88392\/revisions"}],"wp:attachment":[{"href":"https:\/\/linitiative.ca\/International\/wp-json\/wp\/v2\/media?parent=88392"}],"wp:term":[{"taxonomy":"category","embeddable":true,"href":"https:\/\/linitiative.ca\/International\/wp-json\/wp\/v2\/categories?post=88392"},{"taxonomy":"post_tag","embeddable":true,"href":"https:\/\/linitiative.ca\/International\/wp-json\/wp\/v2\/tags?post=88392"}],"curies":[{"name":"wp","href":"https:\/\/api.w.org\/{rel}","templated":true}]}}