{"id":88394,"date":"2020-06-09T10:12:15","date_gmt":"2020-06-09T14:12:15","guid":{"rendered":"https:\/\/linitiative.ca\/International\/campagne-de-sterilisation-des-bureaux-des-huissiers-de-justice\/"},"modified":"2020-06-09T10:12:15","modified_gmt":"2020-06-09T14:12:15","slug":"campagne-de-sterilisation-des-bureaux-des-huissiers-de-justice","status":"publish","type":"post","link":"https:\/\/linitiative.ca\/International\/campagne-de-sterilisation-des-bureaux-des-huissiers-de-justice\/","title":{"rendered":"Campagne de st\u00e9rilisation des bureaux des huissiers de justice"},"content":{"rendered":"<div class=\"single-featured\"><img alt=\"\" data-src=\"http:\/\/www.mapmarrakech.ma\/map\/uploads\/2020\/06\/st&#xE9;rilisation-justice-rak-copier.jpg\"\/><\/div>\n<div class=\"single-post-excerpt post-excerpt-bc\" readability=\"34\">\n<p>Marrakech- Une campagne de st\u00e9rilisation \u00e0 large \u00e9chelle concernant les bureaux des huissiers de justice relevant de la circonscription judiciaire de la Cour d\u2019Appel de Marrakech a d\u00e9marr\u00e9 lundi.<\/p>\n<\/div>\n<div class=\"entry-content clearfix single-post-content\" readability=\"36\">\n<p>Organis\u00e9e par le Conseil R\u00e9gional des huissiers de justice \u00e0 Marrakech, cette op\u00e9ration qui se poursuit durant trois jours, vient en pr\u00e9lude au retour \u00e0 la normale du travail au sein des bureaux de cette cat\u00e9gorie professionnelle durant la p\u00e9riode post-confinement.<\/p>\n<\/div>\n<p>Auteur: Meriem IGASS<br \/>\n<a href=\"http:\/\/www.mapmarrakech.ma\/fr\/campagne-de-sterilisation-des-bureaux-des-huissiers-de-justice\/\">Cliquez ici pour lire l&rsquo;article depuis sa source.<\/a><\/p>\n","protected":false},"excerpt":{"rendered":"<p>Marrakech- Une campagne de st\u00e9rilisation \u00e0 large \u00e9chelle concernant les bureaux des huissiers de justice relevant de la circonscription judiciaire de la Cour d\u2019Appel de Marrakech a d\u00e9marr\u00e9 lundi. Organis\u00e9e par le Conseil R\u00e9gional des huissiers de justice \u00e0 Marrakech, cette op\u00e9ration qui se poursuit durant trois jours, vient en pr\u00e9lude au retour \u00e0 la [&hellip;]<\/p>\n","protected":false},"author":1788,"featured_media":88395,"comment_status":"closed","ping_status":"closed","sticky":false,"template":"","format":"standard","meta":{"fifu_image_url":"","fifu_image_alt":"","footnotes":""},"categories":[54,76],"tags":[],"class_list":["post-88394","post","type-post","status-publish","format-standard","has-post-thumbnail","hentry","category-maroc","category-regions"],"_links":{"self":[{"href":"https:\/\/linitiative.ca\/International\/wp-json\/wp\/v2\/posts\/88394","targetHints":{"allow":["GET"]}}],"collection":[{"href":"https:\/\/linitiative.ca\/International\/wp-json\/wp\/v2\/posts"}],"about":[{"href":"https:\/\/linitiative.ca\/International\/wp-json\/wp\/v2\/types\/post"}],"author":[{"embeddable":true,"href":"https:\/\/linitiative.ca\/International\/wp-json\/wp\/v2\/users\/1788"}],"replies":[{"embeddable":true,"href":"https:\/\/linitiative.ca\/International\/wp-json\/wp\/v2\/comments?post=88394"}],"version-history":[{"count":0,"href":"https:\/\/linitiative.ca\/International\/wp-json\/wp\/v2\/posts\/88394\/revisions"}],"wp:featuredmedia":[{"embeddable":true,"href":"https:\/\/linitiative.ca\/International\/wp-json\/"}],"wp:attachment":[{"href":"https:\/\/linitiative.ca\/International\/wp-json\/wp\/v2\/media?parent=88394"}],"wp:term":[{"taxonomy":"category","embeddable":true,"href":"https:\/\/linitiative.ca\/International\/wp-json\/wp\/v2\/categories?post=88394"},{"taxonomy":"post_tag","embeddable":true,"href":"https:\/\/linitiative.ca\/International\/wp-json\/wp\/v2\/tags?post=88394"}],"curies":[{"name":"wp","href":"https:\/\/api.w.org\/{rel}","templated":true}]}}