{"id":88396,"date":"2020-06-09T10:17:45","date_gmt":"2020-06-09T14:17:45","guid":{"rendered":"https:\/\/linitiative.ca\/International\/lancement-des-travaux-de-realisation-dun-troncon-routier\/"},"modified":"2020-06-09T10:17:45","modified_gmt":"2020-06-09T14:17:45","slug":"lancement-des-travaux-de-realisation-dun-troncon-routier","status":"publish","type":"post","link":"https:\/\/linitiative.ca\/International\/lancement-des-travaux-de-realisation-dun-troncon-routier\/","title":{"rendered":"Lancement des travaux de r\u00e9alisation d\u2019un tron\u00e7on routier"},"content":{"rendered":"<div class=\"single-featured\"><img alt=\"\" data-src=\"http:\/\/www.mapmarrakech.ma\/map\/uploads\/2020\/06\/Routes-chichaoua-copier.jpg\"\/><\/div>\n<div class=\"single-post-excerpt post-excerpt-bc\" readability=\"34\">\n<p>Chichaoua \u2013 Les travaux de r\u00e9alisation d\u2019un tron\u00e7on routier devant relier la route provinciale 2032 \u00e0 douar \u00ab\u00a0Issiks\u00a0\u00bb relevant de la commune Lalla Aziza (province de Chichaoua) ont \u00e9t\u00e9 lanc\u00e9s r\u00e9cemment.<\/p>\n<\/div>\n<div class=\"entry-content clearfix single-post-content\" readability=\"48\">\n<p>Les travaux de r\u00e9alisation d\u2019un tron\u00e7on routier devant relier la route provinciale 2032 \u00e0 douar \u00ab\u00a0Issiks\u00a0\u00bb relevant de la commune Lalla Aziza (province de Chichaoua) ont \u00e9t\u00e9 lanc\u00e9s r\u00e9cemment.<\/p>\n<p>Les travaux portent sur l\u2019am\u00e9nagement et l\u2019extension de cette tranche \u00e0 partir de \u00ab\u00a0Had Ait Moussa\u00a0\u00bb sur 22 km vers Douar Issiks dans la m\u00eame commune.<\/p>\n<p>Ce projet, rappelle-t-on, s\u2019inscrit dans le cadre du Programme de r\u00e9duction des disparit\u00e9s sociales et territoriales.<\/p>\n<p>Le Conseil r\u00e9gional a allou\u00e9 2,3 millions de DH dans le cadre de ce projet, qui contribuera \u00e0 d\u00e9senclaver quelque 4.000 habitants issus de 06 douars et \u00e0 am\u00e9liorer la fluidit\u00e9 du trafic routier et de la s\u00e9curit\u00e9 routi\u00e8re au niveau de cette zone.<\/p>\n<\/div>\n<p>Auteur: Meriem IGASS<br \/>\n<a href=\"http:\/\/www.mapmarrakech.ma\/fr\/lancement-des-travaux-de-realisation-dun-troncon-routier\/\">Cliquez ici pour lire l&rsquo;article depuis sa source.<\/a><\/p>\n","protected":false},"excerpt":{"rendered":"<p>Chichaoua \u2013 Les travaux de r\u00e9alisation d\u2019un tron\u00e7on routier devant relier la route provinciale 2032 \u00e0 douar \u00ab\u00a0Issiks\u00a0\u00bb relevant de la commune Lalla Aziza (province de Chichaoua) ont \u00e9t\u00e9 lanc\u00e9s r\u00e9cemment. Les travaux de r\u00e9alisation d\u2019un tron\u00e7on routier devant relier la route provinciale 2032 \u00e0 douar \u00ab\u00a0Issiks\u00a0\u00bb relevant de la commune Lalla Aziza (province de [&hellip;]<\/p>\n","protected":false},"author":1788,"featured_media":88397,"comment_status":"closed","ping_status":"closed","sticky":false,"template":"","format":"standard","meta":{"fifu_image_url":"","fifu_image_alt":"","footnotes":""},"categories":[54,76],"tags":[],"class_list":["post-88396","post","type-post","status-publish","format-standard","has-post-thumbnail","hentry","category-maroc","category-regions"],"_links":{"self":[{"href":"https:\/\/linitiative.ca\/International\/wp-json\/wp\/v2\/posts\/88396","targetHints":{"allow":["GET"]}}],"collection":[{"href":"https:\/\/linitiative.ca\/International\/wp-json\/wp\/v2\/posts"}],"about":[{"href":"https:\/\/linitiative.ca\/International\/wp-json\/wp\/v2\/types\/post"}],"author":[{"embeddable":true,"href":"https:\/\/linitiative.ca\/International\/wp-json\/wp\/v2\/users\/1788"}],"replies":[{"embeddable":true,"href":"https:\/\/linitiative.ca\/International\/wp-json\/wp\/v2\/comments?post=88396"}],"version-history":[{"count":0,"href":"https:\/\/linitiative.ca\/International\/wp-json\/wp\/v2\/posts\/88396\/revisions"}],"wp:featuredmedia":[{"embeddable":true,"href":"https:\/\/linitiative.ca\/International\/wp-json\/"}],"wp:attachment":[{"href":"https:\/\/linitiative.ca\/International\/wp-json\/wp\/v2\/media?parent=88396"}],"wp:term":[{"taxonomy":"category","embeddable":true,"href":"https:\/\/linitiative.ca\/International\/wp-json\/wp\/v2\/categories?post=88396"},{"taxonomy":"post_tag","embeddable":true,"href":"https:\/\/linitiative.ca\/International\/wp-json\/wp\/v2\/tags?post=88396"}],"curies":[{"name":"wp","href":"https:\/\/api.w.org\/{rel}","templated":true}]}}