{"id":88398,"date":"2020-06-09T10:30:22","date_gmt":"2020-06-09T14:30:22","guid":{"rendered":"https:\/\/linitiative.ca\/International\/saisie-de-720-kg-de-sacs-en-plastiques\/"},"modified":"2020-06-09T10:30:22","modified_gmt":"2020-06-09T14:30:22","slug":"saisie-de-720-kg-de-sacs-en-plastiques","status":"publish","type":"post","link":"https:\/\/linitiative.ca\/International\/saisie-de-720-kg-de-sacs-en-plastiques\/","title":{"rendered":"Saisie de 720 kg de sacs en plastiques"},"content":{"rendered":"<div class=\"single-featured\"><img alt=\"\" data-src=\"http:\/\/www.mapmarrakech.ma\/map\/uploads\/2020\/06\/saisie-sacs-safi-copier.jpg\"\/><\/div>\n<div class=\"single-post-excerpt post-excerpt-bc\" readability=\"35\">\n<p>Safi \u2013 La Commission mixte relevant de la Province de Safi a proc\u00e9d\u00e9, r\u00e9cemment, \u00e0 la saisie de 720 kg de sacs en plastiques dissimul\u00e9s dans un chantier au quartier Azib Derai \u00e0 Safi.<\/p>\n<\/div>\n<div class=\"entry-content clearfix single-post-content\" readability=\"40\">\n<p>Selon la pr\u00e9fecture de la province de Safi, la commission provinciale a aussi proc\u00e9d\u00e9 \u00e0 la saisie et la destruction de 18 Kg de viandes et 03 kg d\u2019abats provenant de l\u2019abattage clandestin.<\/p>\n<p>Les contrevenants ont \u00e9t\u00e9 d\u00e9f\u00e9r\u00e9s devant la justice afin de r\u00e9pondre de leurs actes.<\/p>\n<p>Ces op\u00e9rations s\u2019inscrivent dans le cadre du programme men\u00e9 par la Commission provinciale visant \u00e0 lutter contre les diff\u00e9rentes formes de fraude \u00e0 m\u00eame de porter atteinte \u00e0 la sant\u00e9 des citoyens.<\/p>\n<\/div>\n<p>Auteur: Meriem IGASS<br \/>\n<a href=\"http:\/\/www.mapmarrakech.ma\/fr\/saisie-de-720-kg-de-sacs-en-plastiques\/\">Cliquez ici pour lire l&rsquo;article depuis sa source.<\/a><\/p>\n","protected":false},"excerpt":{"rendered":"<p>Safi \u2013 La Commission mixte relevant de la Province de Safi a proc\u00e9d\u00e9, r\u00e9cemment, \u00e0 la saisie de 720 kg de sacs en plastiques dissimul\u00e9s dans un chantier au quartier Azib Derai \u00e0 Safi. Selon la pr\u00e9fecture de la province de Safi, la commission provinciale a aussi proc\u00e9d\u00e9 \u00e0 la saisie et la destruction de [&hellip;]<\/p>\n","protected":false},"author":1788,"featured_media":88399,"comment_status":"closed","ping_status":"closed","sticky":false,"template":"","format":"standard","meta":{"fifu_image_url":"","fifu_image_alt":"","footnotes":""},"categories":[54,76],"tags":[],"class_list":["post-88398","post","type-post","status-publish","format-standard","has-post-thumbnail","hentry","category-maroc","category-regions"],"_links":{"self":[{"href":"https:\/\/linitiative.ca\/International\/wp-json\/wp\/v2\/posts\/88398","targetHints":{"allow":["GET"]}}],"collection":[{"href":"https:\/\/linitiative.ca\/International\/wp-json\/wp\/v2\/posts"}],"about":[{"href":"https:\/\/linitiative.ca\/International\/wp-json\/wp\/v2\/types\/post"}],"author":[{"embeddable":true,"href":"https:\/\/linitiative.ca\/International\/wp-json\/wp\/v2\/users\/1788"}],"replies":[{"embeddable":true,"href":"https:\/\/linitiative.ca\/International\/wp-json\/wp\/v2\/comments?post=88398"}],"version-history":[{"count":0,"href":"https:\/\/linitiative.ca\/International\/wp-json\/wp\/v2\/posts\/88398\/revisions"}],"wp:featuredmedia":[{"embeddable":true,"href":"https:\/\/linitiative.ca\/International\/wp-json\/"}],"wp:attachment":[{"href":"https:\/\/linitiative.ca\/International\/wp-json\/wp\/v2\/media?parent=88398"}],"wp:term":[{"taxonomy":"category","embeddable":true,"href":"https:\/\/linitiative.ca\/International\/wp-json\/wp\/v2\/categories?post=88398"},{"taxonomy":"post_tag","embeddable":true,"href":"https:\/\/linitiative.ca\/International\/wp-json\/wp\/v2\/tags?post=88398"}],"curies":[{"name":"wp","href":"https:\/\/api.w.org\/{rel}","templated":true}]}}