{"id":88400,"date":"2020-06-09T10:50:50","date_gmt":"2020-06-09T14:50:50","guid":{"rendered":"https:\/\/linitiative.ca\/International\/reglement-des-frais-de-scolarite-des-facilites-en-faveur-des-familles\/"},"modified":"2020-06-09T10:50:50","modified_gmt":"2020-06-09T14:50:50","slug":"reglement-des-frais-de-scolarite-des-facilites-en-faveur-des-familles","status":"publish","type":"post","link":"https:\/\/linitiative.ca\/International\/reglement-des-frais-de-scolarite-des-facilites-en-faveur-des-familles\/","title":{"rendered":"R\u00e8glement des frais de scolarit\u00e9: Des facilit\u00e9s en faveur des familles"},"content":{"rendered":"<div readability=\"38\">\n<p>Marrakech \u2013 Une r\u00e9union a \u00e9t\u00e9 tenue, lundi au si\u00e8ge de l\u2019Acad\u00e9mie R\u00e9gionale de l\u2019Education et de la Formation (AREF) de Marrakech-Safi, au cours de laquelle, il a \u00e9t\u00e9 convenu que les \u00e9tablissements scolaires priv\u00e9s accordent des facilit\u00e9s de paiement aux familles impact\u00e9es par les effets de la crise sanitaire induite par le Covid-19 pour le r\u00e8glement des frais de scolarit\u00e9 de leurs enfants.<\/p>\n<\/div>\n<div readability=\"83\">\n<p>Ont pris part \u00e0 cette r\u00e9union, pr\u00e9sid\u00e9e par le directeur de l\u2019AREF de Marrakech-Safi, les directeurs provinciaux de l\u2019\u00e9ducation nationale \u00e0 Marrakech, Rehamna et \u00e0 Essaouira, les membres \u00e9lus au sein du Conseil d\u2019administration de l\u2019Acad\u00e9mie r\u00e9gionale et les repr\u00e9sentants des Associations des parents et tuteurs des \u00e9l\u00e8ves ainsi que des \u00e9tablissements de l\u2019enseignement priv\u00e9.<\/p>\n<p>Un communiqu\u00e9 conjoint, publi\u00e9 \u00e0 l\u2019issue de cette r\u00e9union, indique qu\u2019au terme d\u2019un d\u00e9bat serein et exhaustif, les parties pr\u00e9sentes ont convenu que les \u00e9tablissements priv\u00e9s adoptent des facilit\u00e9s pour le r\u00e8glement des frais de scolarit\u00e9 en faveur des familles dont la situation financi\u00e8re a \u00e9t\u00e9 impact\u00e9e par les effets de la crise sanitaire li\u00e9e au Covid-19 et ce, \u00e0 travers l\u2019annulation totale ou partielle de ces frais ou l\u2019octroi de facilit\u00e9s pour leur r\u00e8glement selon chaque cas.<\/p>\n<p>L\u2019accent a \u00e9t\u00e9 \u00e9galement mis sur la n\u00e9cessit\u00e9 de faire pr\u00e9valoir l\u2019int\u00e9r\u00eat des \u00e9l\u00e8ves face \u00e0 toute autre consid\u00e9ration et d\u2019\u0153uvrer en vue d\u2019assurer la continuit\u00e9 p\u00e9dagogique, d\u2019achever toutes les op\u00e9rations relatives \u00e0 la fin de l\u2019ann\u00e9e scolaire et de pr\u00e9server la place pour chaque \u00e9l\u00e8ve dans son \u00e9tablissement priv\u00e9 au titre la prochaine ann\u00e9e scolaire 2020-2021, sur la base de la volont\u00e9 de sa famille.<\/p>\n<p>Les parties ont convenu aussi de l\u2019annulation totale des frais de transport et de la cantine scolaire depuis la suspension des cours en pr\u00e9sentiel jusqu\u2019\u00e0 la fin de l\u2019ann\u00e9e scolaire, tout en veillant \u00e0 renforcer la solidarit\u00e9 et \u00e0 assurer la communication permanente entre les familles et l\u2019\u00e9tablissement scolaire.<\/p>\n<p>Elles ont, en outre, insist\u00e9 sur l\u2019importance de r\u00e9soudre tous les litiges sur les plans provincial et local, \u00e0 travers le dialogue entre l\u2019\u00e9tablissement priv\u00e9 et les familles, avec la m\u00e9diation des repr\u00e9sentants des Associations des parents et tuteurs des \u00e9l\u00e8ves.<\/p>\n<p>Cette r\u00e9union intervient dans le cadre de la gestion des op\u00e9rations de la fin de l\u2019ann\u00e9e scolaire actuelle et des pr\u00e9paratifs pour la prochaine rentr\u00e9e scolaire 2020-2021.<\/p>\n<p>Elle s\u2019inscrit aussi dans le cadre de la mise en \u0153uvre des directives du ministre de l\u2019Education nationale, de la formation professionnelle, de l\u2019Enseignement sup\u00e9rieur et de la Recherche scientifique, porte-parole du gouvernement, Saaid Amzazi, qui avait appel\u00e9 les associations des parents d\u2019\u00e9l\u00e8ves \u00e0 jouer le r\u00f4le de m\u00e9diateur pour rapprocher les points de vues entre les \u00e9tablissements priv\u00e9s et les familles, compte tenu de la situation financi\u00e8re des deux parties en ces circonstances exceptionnelles de propagation du nouveau coronavirus.<\/p>\n<\/div>\n<p>Auteur: Meriem IGASS<br \/>\n<a href=\"http:\/\/www.mapmarrakech.ma\/fr\/des-facilites-en-faveur-des-familles-pour-le-reglement-des-frais-de-scolarite\/\">Cliquez ici pour lire l&rsquo;article depuis sa source.<\/a><\/p>\n","protected":false},"excerpt":{"rendered":"<p>Marrakech \u2013 Une r\u00e9union a \u00e9t\u00e9 tenue, lundi au si\u00e8ge de l\u2019Acad\u00e9mie R\u00e9gionale de l\u2019Education et de la Formation (AREF) de Marrakech-Safi, au cours de laquelle, il a \u00e9t\u00e9 convenu que les \u00e9tablissements scolaires priv\u00e9s accordent des facilit\u00e9s de paiement aux familles impact\u00e9es par les effets de la crise sanitaire induite par le Covid-19 pour [&hellip;]<\/p>\n","protected":false},"author":1788,"featured_media":0,"comment_status":"closed","ping_status":"closed","sticky":false,"template":"","format":"standard","meta":{"fifu_image_url":"","fifu_image_alt":"","footnotes":""},"categories":[54,76],"tags":[],"class_list":["post-88400","post","type-post","status-publish","format-standard","hentry","category-maroc","category-regions"],"_links":{"self":[{"href":"https:\/\/linitiative.ca\/International\/wp-json\/wp\/v2\/posts\/88400","targetHints":{"allow":["GET"]}}],"collection":[{"href":"https:\/\/linitiative.ca\/International\/wp-json\/wp\/v2\/posts"}],"about":[{"href":"https:\/\/linitiative.ca\/International\/wp-json\/wp\/v2\/types\/post"}],"author":[{"embeddable":true,"href":"https:\/\/linitiative.ca\/International\/wp-json\/wp\/v2\/users\/1788"}],"replies":[{"embeddable":true,"href":"https:\/\/linitiative.ca\/International\/wp-json\/wp\/v2\/comments?post=88400"}],"version-history":[{"count":0,"href":"https:\/\/linitiative.ca\/International\/wp-json\/wp\/v2\/posts\/88400\/revisions"}],"wp:attachment":[{"href":"https:\/\/linitiative.ca\/International\/wp-json\/wp\/v2\/media?parent=88400"}],"wp:term":[{"taxonomy":"category","embeddable":true,"href":"https:\/\/linitiative.ca\/International\/wp-json\/wp\/v2\/categories?post=88400"},{"taxonomy":"post_tag","embeddable":true,"href":"https:\/\/linitiative.ca\/International\/wp-json\/wp\/v2\/tags?post=88400"}],"curies":[{"name":"wp","href":"https:\/\/api.w.org\/{rel}","templated":true}]}}