{"id":88401,"date":"2020-06-09T14:17:55","date_gmt":"2020-06-09T18:17:55","guid":{"rendered":"https:\/\/linitiative.ca\/International\/covid-19-lesav-de-marrakech-renforce-sa-presence-digitale\/"},"modified":"2020-06-09T14:17:55","modified_gmt":"2020-06-09T18:17:55","slug":"covid-19-lesav-de-marrakech-renforce-sa-presence-digitale","status":"publish","type":"post","link":"https:\/\/linitiative.ca\/International\/covid-19-lesav-de-marrakech-renforce-sa-presence-digitale\/","title":{"rendered":"Covid-19 : L\u2019ESAV de Marrakech renforce sa pr\u00e9sence digitale"},"content":{"rendered":"<div readability=\"37\">\n<p>Marrakech \u2013 Tout au long du confinement instaur\u00e9 pour faire face \u00e0 la crise sanitaire due au nouveau coronavirus, l\u2019Ecole Sup\u00e9rieure des Arts Visuels (ESAV) de Marrakech, a renforc\u00e9 sa pr\u00e9sence digitale pour accompagner au mieux les \u00e9tudiants des d\u00e9partements Cin\u00e9ma et Graphisme ainsi que le grand public.<\/p>\n<\/div>\n<div readability=\"111\">\n<p>En plus des cours \u00e0 distance et des journ\u00e9es portes ouvertes en ligne, l\u2019ESAV, fid\u00e8le \u00e0 sa tradition d\u2019espace de diffusion de culture et de rencontres entre publics et artistes, a initi\u00e9 un programme en direct sur sa page Facebook, invitant r\u00e9alisateurs, graphistes et acteurs culturels \u00e0 prendre la parole autour de leur travail, explique cet \u00e9tablissement d\u2019enseignement sup\u00e9rieur dans un communiqu\u00e9.<\/p>\n<p>En 16 ans d\u2019existence, l\u2019ESAV a d\u00e9velopp\u00e9 un savoir-faire dans l\u2019enseignement, la production et la diffusion artistique ainsi qu\u2019un r\u00e9seau d\u2019artistes et de partenaires culturels, rappelle la m\u00eame source, notant que c\u2019est ce savoir-faire et ce r\u00e9seau que l\u2019ESAV d\u00e9sire partager \u00e0 travers ce rendez-vous digital qui vient s\u2019ajouter au calendrier culturel de l\u2019\u00e9cole.<\/p>\n<p>Le programme en ligne durera jusqu\u2019\u00e0 mi-juillet pour reprendre \u00e0 la rentr\u00e9e, lit-on dans le communiqu\u00e9, pr\u00e9cisant qu\u2019il consiste \u00e0 interviewer en direct un. invit\u00e9 du milieu du cin\u00e9ma, du graphisme et de la culture de mani\u00e8re g\u00e9n\u00e9rale.<\/p>\n<p>Sur un ton convivial, les conversations de l\u2019ESAV qui durent 1h30, portent sur le processus de cr\u00e9ation artistique, le d\u00e9veloppement de projets de l\u2019id\u00e9e \u00e0 la r\u00e9alisation, la place de la culture et des artistes dans les soci\u00e9t\u00e9s post-Covid19, tient \u00e0 expliquer l\u2019ESAV.<\/p>\n<p>Et de faire savoir que les conversations sont men\u00e9es par le r\u00e9alisateur Walid Ayoub, avec la participation d\u2019\u00e9tudiants de l\u2019ESAV. Le public a la possibilit\u00e9 d\u2019interagir avec l\u2019invit\u00e9, en 2\u00e8me partie du LIVE.<\/p>\n<p>Apr\u00e8s le succ\u00e8s des rencontres avec les r\u00e9alisateurs Alaa Eddine Aljem (laur\u00e9at de l\u2019\u00e9cole) et Faouzi Bensa\u00efdi, la graphiste, illustratrice et plasticienne libanaise Jana Traboulsi, \u00ab\u00a0L\u2019ESAV LIVE TALKS\u00a0\u00bb accueille en juin et juillet le co-fondateur et directeur de l\u2019ESAV Vincent Melilli, le chor\u00e9graphe Taoufiq Izeddiou et la productrice Lamia Chra\u00efbi.<\/p>\n<p>La 5\u00e8me \u00e9dition du Festival cin\u00e9astes et graphistes en herbe se met exceptionnellement au digital, ajoute la m\u00eame source, notant que l\u2019ESAV, depuis sa cr\u00e9ation, propose chaque ann\u00e9e des ateliers au profit de 200 \u00e9l\u00e8ves des lyc\u00e9es de Marrakech, dans le but de leur faire d\u00e9couvrir le monde de l\u2019\u00e9criture et de la r\u00e9alisation cin\u00e9matographique ainsi que la cr\u00e9ation graphique.<\/p>\n<p>Les travaux des \u00e9l\u00e8ves participants sont d\u00e9voil\u00e9s dans le cadre de l\u2019\u00e9v\u00e9nement \u00ab\u00a0Cin\u00e9astes et Graphistes en herbe\u00a0\u00bb, un v\u00e9ritable moment de partage avec les professionnels (un jury est sollicit\u00e9 pour d\u00e9cerner les Prix aux gagnants) et le grand public, rel\u00e8ve la m\u00eame source, notant que le samedi 13 juin, le r\u00e9sultat de la 5\u00e8me \u00e9dition de Cin\u00e9astes et Graphistes en herbe sera partag\u00e9 en ligne.<\/p>\n<p>Cr\u00e9\u00e9 en 2006 par la Fondation Susanna Bierdemann, l\u2019ESAV est un \u00e9tablissement priv\u00e9 d\u2019enseignement sup\u00e9rieur \u00e0 vocation de service public. L\u2019\u00e9cole forme aux m\u00e9tiers du cin\u00e9ma, du graphisme et de la communication visuelle.<\/p>\n<p>Les inscriptions au concours d\u2019acc\u00e8s \u00e0 l\u2019ESAV (2020\/2021) sont ouvertes jusqu\u2019au 15 juillet prochain, avec possibilit\u00e9s de bourses, conclut la m\u00eame source.<\/p>\n<\/div>\n<p>Auteur: Meriem IGASS<br \/>\n<a href=\"http:\/\/www.mapmarrakech.ma\/fr\/covid-19-lesav-de-marrakech-renforce-sa-presence-digitale\/\">Cliquez ici pour lire l&rsquo;article depuis sa source.<\/a><\/p>\n","protected":false},"excerpt":{"rendered":"<p>Marrakech \u2013 Tout au long du confinement instaur\u00e9 pour faire face \u00e0 la crise sanitaire due au nouveau coronavirus, l\u2019Ecole Sup\u00e9rieure des Arts Visuels (ESAV) de Marrakech, a renforc\u00e9 sa pr\u00e9sence digitale pour accompagner au mieux les \u00e9tudiants des d\u00e9partements Cin\u00e9ma et Graphisme ainsi que le grand public. En plus des cours \u00e0 distance et [&hellip;]<\/p>\n","protected":false},"author":1788,"featured_media":0,"comment_status":"closed","ping_status":"closed","sticky":false,"template":"","format":"standard","meta":{"fifu_image_url":"","fifu_image_alt":"","footnotes":""},"categories":[54,76],"tags":[],"class_list":["post-88401","post","type-post","status-publish","format-standard","hentry","category-maroc","category-regions"],"_links":{"self":[{"href":"https:\/\/linitiative.ca\/International\/wp-json\/wp\/v2\/posts\/88401","targetHints":{"allow":["GET"]}}],"collection":[{"href":"https:\/\/linitiative.ca\/International\/wp-json\/wp\/v2\/posts"}],"about":[{"href":"https:\/\/linitiative.ca\/International\/wp-json\/wp\/v2\/types\/post"}],"author":[{"embeddable":true,"href":"https:\/\/linitiative.ca\/International\/wp-json\/wp\/v2\/users\/1788"}],"replies":[{"embeddable":true,"href":"https:\/\/linitiative.ca\/International\/wp-json\/wp\/v2\/comments?post=88401"}],"version-history":[{"count":0,"href":"https:\/\/linitiative.ca\/International\/wp-json\/wp\/v2\/posts\/88401\/revisions"}],"wp:attachment":[{"href":"https:\/\/linitiative.ca\/International\/wp-json\/wp\/v2\/media?parent=88401"}],"wp:term":[{"taxonomy":"category","embeddable":true,"href":"https:\/\/linitiative.ca\/International\/wp-json\/wp\/v2\/categories?post=88401"},{"taxonomy":"post_tag","embeddable":true,"href":"https:\/\/linitiative.ca\/International\/wp-json\/wp\/v2\/tags?post=88401"}],"curies":[{"name":"wp","href":"https:\/\/api.w.org\/{rel}","templated":true}]}}