{"id":88402,"date":"2020-06-09T05:21:13","date_gmt":"2020-06-09T09:21:13","guid":{"rendered":"https:\/\/linitiative.ca\/International\/boumerdes-pres-de-280-operations-de-developpement-pour-322-zones-dombre\/"},"modified":"2020-06-09T05:21:13","modified_gmt":"2020-06-09T09:21:13","slug":"boumerdes-pres-de-280-operations-de-developpement-pour-322-zones-dombre","status":"publish","type":"post","link":"https:\/\/linitiative.ca\/International\/boumerdes-pres-de-280-operations-de-developpement-pour-322-zones-dombre\/","title":{"rendered":"Boumerdes : pr\u00e9s de 280 op\u00e9rations de d\u00e9veloppement pour 322 zones d\u2019ombre"},"content":{"rendered":"<div readability=\"40\">\n<p><strong>BOUMERDES- La wilaya de Boumerdes a affect\u00e9 pr\u00e9s de 280 op\u00e9rations de d\u00e9veloppement, dot\u00e9es d\u2019une enveloppe globale de plus de quatre milliards de DA, pour la relance du d\u00e9veloppement au niveau de 322 zones d\u2019ombre, \u00e0 travers son territoire, a annonc\u00e9, lundi, le wali Yahia\u00a0<\/strong><strong>Yahiatene.<\/strong><\/p>\n<\/div>\n<div readability=\"89\">\n<p>\u00ab\u00a0Ces op\u00e9rations sont relatives \u00e0 des projets d\u2019alimentation en eau potable(AEP), d\u2019\u00e9clairage public, de r\u00e9alisation de salles de soins et de conduites d\u2019assainissement, et d\u2019am\u00e9nagement de routes et de classes d\u2019extension, entre autres\u00a0\u00bb, a indiqu\u00e9 le wali, dans une d\u00e9claration \u00e0 la presse, lors d\u2019une rencontre consacr\u00e9e \u00e0 l\u2019examen et au suivi de l\u2019\u00e9tat d\u2019ex\u00e9cution de ces projets.<\/p>\n<p>\u00a0Sur ce total d\u2019op\u00e9rations, 200 ont \u00e9t\u00e9 lanc\u00e9es en chantier pour une enveloppe de pr\u00e9s de trois milliards de DA, a ajout\u00e9 M.Yahiatene, signalant la \u00ab\u00a0r\u00e9ception d\u00e9j\u00e0 de 44 op\u00e9rations parmi elles, au moment ou 58 autres ont \u00e9t\u00e9 parachev\u00e9es et seront bient\u00f4t livr\u00e9es, contre 86 projets en chantier,\u00a0et huit non encore lanc\u00e9s en travaux\u00a0\u00bb, a-t-il fait savoir.<\/p>\n<p><em><strong>\u00a0\u00ab\u00a0Les 80 op\u00e9rations restantes, dot\u00e9es d\u2019une enveloppe de pr\u00e9s d\u20191,3 milliard de DA, seront bient\u00f4t lanc\u00e9es en r\u00e9alisation\u00a0\u00bb, a-t-il ajout\u00e9.<\/strong><\/em><\/p>\n<p>\u00a0Le wali de Boumerdes a, \u00e9galement, fait part de l\u2019introduction d\u2019une proposition, aupr\u00e8s de la tutelle, pour l\u2019inscription de 1.383 autres op\u00e9rations de d\u00e9veloppement au profit des m\u00eames zones d\u2019ombre, pour une enveloppe de plus de 17 milliards de DA.<\/p>\n<p>\u00a0Signalant que ces op\u00e9rations \u00a0\u00bb n\u2019ont pas b\u00e9n\u00e9fici\u00e9, \u00e0 ce jour, d\u2019une couverture financi\u00e8re\u00a0\u00bb, et qu\u2019elles seront de ce fait \u00ab\u00a0class\u00e9es selon leur priorit\u00e9s, pour un financement progressif, suivant la disponibilit\u00e9 de fonds pour ce faire\u00a0\u00bb, a-t-il expliqu\u00e9.<\/p>\n<p><em><strong>\u00ab\u00a0Nous continuerons sur cette lanc\u00e9e jusqu\u2019\u00e0 la concr\u00e9tisation des diff\u00e9rents programmes de d\u00e9veloppement en cours, ou de ceux programm\u00e9s, tout en r\u00e9fl\u00e9chissant \u00e0 des sources de financement pour ce faire, suivant des priorit\u00e9s visant essentiellement la couverture des besoins imm\u00e9diats\u00a0des r\u00e9sidants de ces zones d\u2019ombre\u00a0\u00bb, a assur\u00e9 le chef de l\u2019ex\u00e9cutif de Boumerdes.<\/strong><\/em><\/p>\n<\/div>\n<p>Auteur:<br \/>\n<a href=\"http:\/\/www.aps.dz\/regions\/105956-boumerdes-pres-de-280-operations-de-developpement-pour-322-zones-d-ombre\">Cliquez ici pour lire l&rsquo;article depuis sa source.<\/a><\/p>\n","protected":false},"excerpt":{"rendered":"<p>BOUMERDES- La wilaya de Boumerdes a affect\u00e9 pr\u00e9s de 280 op\u00e9rations de d\u00e9veloppement, dot\u00e9es d\u2019une enveloppe globale de plus de quatre milliards de DA, pour la relance du d\u00e9veloppement au niveau de 322 zones d\u2019ombre, \u00e0 travers son territoire, a annonc\u00e9, lundi, le wali Yahia\u00a0Yahiatene. \u00ab\u00a0Ces op\u00e9rations sont relatives \u00e0 des projets d\u2019alimentation en eau [&hellip;]<\/p>\n","protected":false},"author":1790,"featured_media":0,"comment_status":"closed","ping_status":"closed","sticky":false,"template":"","format":"standard","meta":{"fifu_image_url":"","fifu_image_alt":"","footnotes":""},"categories":[53,76],"tags":[],"class_list":["post-88402","post","type-post","status-publish","format-standard","hentry","category-algerie","category-regions"],"_links":{"self":[{"href":"https:\/\/linitiative.ca\/International\/wp-json\/wp\/v2\/posts\/88402","targetHints":{"allow":["GET"]}}],"collection":[{"href":"https:\/\/linitiative.ca\/International\/wp-json\/wp\/v2\/posts"}],"about":[{"href":"https:\/\/linitiative.ca\/International\/wp-json\/wp\/v2\/types\/post"}],"author":[{"embeddable":true,"href":"https:\/\/linitiative.ca\/International\/wp-json\/wp\/v2\/users\/1790"}],"replies":[{"embeddable":true,"href":"https:\/\/linitiative.ca\/International\/wp-json\/wp\/v2\/comments?post=88402"}],"version-history":[{"count":0,"href":"https:\/\/linitiative.ca\/International\/wp-json\/wp\/v2\/posts\/88402\/revisions"}],"wp:attachment":[{"href":"https:\/\/linitiative.ca\/International\/wp-json\/wp\/v2\/media?parent=88402"}],"wp:term":[{"taxonomy":"category","embeddable":true,"href":"https:\/\/linitiative.ca\/International\/wp-json\/wp\/v2\/categories?post=88402"},{"taxonomy":"post_tag","embeddable":true,"href":"https:\/\/linitiative.ca\/International\/wp-json\/wp\/v2\/tags?post=88402"}],"curies":[{"name":"wp","href":"https:\/\/api.w.org\/{rel}","templated":true}]}}