{"id":88405,"date":"2020-06-08T16:09:48","date_gmt":"2020-06-08T20:09:48","guid":{"rendered":"https:\/\/linitiative.ca\/International\/covid-19-oriental-2-nouveaux-cas-actifs-9-au-total\/"},"modified":"2020-06-08T16:09:48","modified_gmt":"2020-06-08T20:09:48","slug":"covid-19-oriental-2-nouveaux-cas-actifs-9-au-total","status":"publish","type":"post","link":"https:\/\/linitiative.ca\/International\/covid-19-oriental-2-nouveaux-cas-actifs-9-au-total\/","title":{"rendered":"Covid-19\/Oriental : 2 nouveaux cas actifs, 9 au total"},"content":{"rendered":"<p class=\"c4\">Deux nouveaux cas de contamination au nouveau coronavirus (Covid-19) ont \u00e9t\u00e9 signal\u00e9s dans la r\u00e9gion de l\u2019Oriental, portant \u00e0 neuf le nombre total des cas actifs \u00e0 la date du 08 juin \u00e0 18H.<\/p>\n<p class=\"c4\">Les deux nouveaux cas ont \u00e9t\u00e9 enregistr\u00e9s au niveau de la province de Berkane qui compte d\u00e9sormais huit cas actifs, alors qu\u2019un seul patient est sous traitement \u00e0 l\u2019h\u00f4pital provincial de Nador, selon des donn\u00e9s de la Direction r\u00e9gionale de la Sant\u00e9 concernant l\u2019\u00e9volution de la pand\u00e9mie du Covid-19.<\/p>\n<p class=\"c4\">La m\u00eame source pr\u00e9cise que le cumul des cas de contamination dans la r\u00e9gion depuis le d\u00e9but de la pand\u00e9mie s\u2019\u00e9l\u00e8ve \u00e0 196, dont 179 gu\u00e9risons et 08 d\u00e9c\u00e8s.<\/p>\n<p class=\"c4\">La r\u00e9partition g\u00e9ographique des 196 cas d\u2019infection d\u00e9tect\u00e9s dans la r\u00e9gion depuis le d\u00e9but de la pand\u00e9mie montre que la pr\u00e9fecture d\u2019Oujda-Angad a connu 70 cas, suivi des provinces de Berkane (54), Nador (44), Driouch (10), Taourirt (9), Guercif (8) et Figuig (1), alors qu\u2019aucun cas n\u2019a \u00e9t\u00e9 enregistr\u00e9 dans la province de Jerada.<\/p>\n<p class=\"c4\">Quant \u00e0 la r\u00e9partition des cas de gu\u00e9rison (179), elle r\u00e9v\u00e8le que la pr\u00e9fecture d\u2019Oujda-Angad a enregistr\u00e9 le plus grand nombre de r\u00e9missions avec un total de 64, suivie des provinces de Berkane (44), Nador (43), Driouch (10), Taourirt (09), Guercif (8) et Figuig (01).<\/p>\n<p class=\"c4\">Les huit cas de d\u00e9c\u00e8s ont \u00e9t\u00e9 enregistr\u00e9s aux niveaux de la pr\u00e9fecture d\u2019Oujda-Angad (6) et de la province de Berkane (2).<\/p>\n<p class=\"c4\">Rappelons que la pr\u00e9fecture d\u2019Oujda-Angad et les provinces de Taourirt, Guercif, Driouch et Figuig ont r\u00e9ussi \u00e0 interrompre la cha\u00eene de transmission du Covid-19, rejoignant ainsi les autres provinces et pr\u00e9fectures du Royaume d\u00e9clar\u00e9es indemnes.<\/p>\n<p>Auteur: Soufiane ELAHMAR<br \/>\n<a href=\"http:\/\/www.mapoujda.ma\/fr\/covid-19-oriental-2-nouveaux-cas-actifs-9-au-total\/\">Cliquez ici pour lire l&rsquo;article depuis sa source.<\/a><\/p>\n","protected":false},"excerpt":{"rendered":"<p>Deux nouveaux cas de contamination au nouveau coronavirus (Covid-19) ont \u00e9t\u00e9 signal\u00e9s dans la r\u00e9gion de l\u2019Oriental, portant \u00e0 neuf le nombre total des cas actifs \u00e0 la date du 08 juin \u00e0 18H. Les deux nouveaux cas ont \u00e9t\u00e9 enregistr\u00e9s au niveau de la province de Berkane qui compte d\u00e9sormais huit cas actifs, alors [&hellip;]<\/p>\n","protected":false},"author":1788,"featured_media":0,"comment_status":"closed","ping_status":"closed","sticky":false,"template":"","format":"standard","meta":{"fifu_image_url":"","fifu_image_alt":"","footnotes":""},"categories":[54,76],"tags":[],"class_list":["post-88405","post","type-post","status-publish","format-standard","hentry","category-maroc","category-regions"],"_links":{"self":[{"href":"https:\/\/linitiative.ca\/International\/wp-json\/wp\/v2\/posts\/88405","targetHints":{"allow":["GET"]}}],"collection":[{"href":"https:\/\/linitiative.ca\/International\/wp-json\/wp\/v2\/posts"}],"about":[{"href":"https:\/\/linitiative.ca\/International\/wp-json\/wp\/v2\/types\/post"}],"author":[{"embeddable":true,"href":"https:\/\/linitiative.ca\/International\/wp-json\/wp\/v2\/users\/1788"}],"replies":[{"embeddable":true,"href":"https:\/\/linitiative.ca\/International\/wp-json\/wp\/v2\/comments?post=88405"}],"version-history":[{"count":0,"href":"https:\/\/linitiative.ca\/International\/wp-json\/wp\/v2\/posts\/88405\/revisions"}],"wp:attachment":[{"href":"https:\/\/linitiative.ca\/International\/wp-json\/wp\/v2\/media?parent=88405"}],"wp:term":[{"taxonomy":"category","embeddable":true,"href":"https:\/\/linitiative.ca\/International\/wp-json\/wp\/v2\/categories?post=88405"},{"taxonomy":"post_tag","embeddable":true,"href":"https:\/\/linitiative.ca\/International\/wp-json\/wp\/v2\/tags?post=88405"}],"curies":[{"name":"wp","href":"https:\/\/api.w.org\/{rel}","templated":true}]}}