{"id":88409,"date":"2020-06-09T10:30:00","date_gmt":"2020-06-09T14:30:00","guid":{"rendered":"https:\/\/linitiative.ca\/International\/khadhraoui-prolonge-jmel-sur-ses-traces\/"},"modified":"2020-06-09T10:30:00","modified_gmt":"2020-06-09T14:30:00","slug":"khadhraoui-prolonge-jmel-sur-ses-traces","status":"publish","type":"post","link":"https:\/\/linitiative.ca\/International\/khadhraoui-prolonge-jmel-sur-ses-traces\/","title":{"rendered":"Khadhraoui prolonge, Jmel sur ses traces"},"content":{"rendered":"<p class=\"p1 c3\"><span class=\"c2\"><strong>C\u2019est la reprise au Bardo, o\u00f9 les joueurs convoqu\u00e9s par le staff technique ont r\u00e9pondu hier pr\u00e9sents, sauf ceux qui se trouvaient en dehors de nos fronti\u00e8res c\u2019est-\u00e0-dire ceux qui \u00e9taient en France ils seront en confinement pour selon la r\u00e9glementation impos\u00e9e par les instances sanitaires. Ils ne retrouveront le terrain que lors de la derni\u00e8re semaine du mois en cours, soit au d\u00e9but du premier stage.<\/strong><\/span><\/p>\n<p class=\"p1 c3\"><span class=\"c2\"><strong>Parmi les joueurs pr\u00e9sents nous avons compt\u00e9 quelques jeunes convoqu\u00e9s par Jale lKadri pour remplacer leurs co\u00e9quipiers en confinement et surtout pour s\u2019habituer \u00e0 l\u2019ambiance de l\u2019\u00e9quipe senior, d\u2019autant plus qu\u2019ils seront appel\u00e9s \u00e0 faire quelques apparitions d\u00e8s la reprise du championnat.<span class=\"Apple-converted-space\">\u00a0<\/span><\/strong><\/span><\/p>\n<p class=\"p2 c4\">\u00a0<\/p>\n<p class=\"p3 c5\"><span class=\"c2\"><strong>Seul Ma\u00e2toug absent<\/strong><\/span><\/p>\n<p class=\"p1 c3\"><span class=\"c2\"><strong>Le ST a r\u00e9ussi \u00e0 r\u00e9cup\u00e9rer ses joueurs bloqu\u00e9s en France, mais attend encore le retour de son lat\u00e9ral droit Ali Ma\u00e2toug bloqu\u00e9 en Libye \u00e0 cause des combats qui se d\u00e9roulent \u00e0 Tripoli et aux alentours des fronti\u00e8res tunisiennes. Les responsables stadistes poursuivent leurs efforts pour r\u00e9cup\u00e9rer leur joueur au plus vite.<\/strong><\/span><\/p>\n<p class=\"p2 c4\">\u00a0<\/p>\n<p class=\"p3 c5\"><span class=\"c2\"><strong>Renouvellement<span class=\"Apple-converted-space\">\u00a0<\/span><\/strong><\/span><\/p>\n<p class=\"p1 c3\"><span class=\"c2\"><strong>Le jeune Hamza Khadhraoui vient de prolonger son contrat avec l\u2019\u00e9quipe pour trois nouvelles saisons. Il sera stadiste jusqu\u2019\u00e0 2023. Le pr\u00e9sident Jalel Ben A\u00efssa a ouvert le dossier du renouvellement des contrats. Celui du gardien Ali Jmel constitue une priorit\u00e9 dans la mesure o\u00f9 ce gardien a donn\u00e9 beaucoup de stabilit\u00e9 au compartiment de la d\u00e9fense. D\u2019autres joueurs en fin de contrat soit \u00e0 la fin du mois en cours, soit le 30 juin 2021, seront appel\u00e9s dans les prochains jours pour poser leur signature au bas d\u2019un nouveau bail avec de nouveaux avantages financiers.<\/strong><\/span><\/p>\n<p class=\"p2 c4\">\u00a0<\/p>\n<p class=\"p3 c5\"><span class=\"c2\"><strong>D\u00e9part<\/strong><span class=\"s1 c6\"><strong>\u00a0<\/strong><\/span><\/span><\/p>\n<p class=\"p1 c3\"><span class=\"c2\"><strong>Le jeune Youssef Meddeb jeune prodige de 17 ans a pr\u00e9f\u00e9r\u00e9 l\u2019offre \u00e9toil\u00e9e. Il vient d\u2019opter pour l\u2019\u00e9quipe sah\u00e9lienne malgr\u00e9 la proposition qui lui a \u00e9t\u00e9 faite par l\u2019ES Tunis.<span class=\"Apple-converted-space\">\u00a0<\/span><\/strong><\/span><\/p>\n<p class=\"p1 c3\"><span class=\"c2\"><strong>En contrepartie de ce joueur, le ST b\u00e9n\u00e9ficiera des services de l\u2019attaquant HazemHaj Hassen qui a insist\u00e9 pour quitter Sousse cet \u00e9t\u00e9. Son choix du ST a \u00e9t\u00e9 largement conditionn\u00e9 par la pr\u00e9sence d\u2019Eymen Sfaxi qui a conseill\u00e9 \u00e0 son jeune ex-co\u00e9quipier d\u2019opter pour l\u2019\u00e9quipe bardolaise.<\/strong><\/span><\/p>\n<p class=\"p2 c4\">\u00a0<\/p>\n<p class=\"p3 c5\"><span class=\"c2\"><strong>Appel au soutien<span class=\"Apple-converted-space\">\u00a0<\/span><\/strong><\/span><\/p>\n<p class=\"p1 c3\"><span class=\"c2\"><strong>Le pr\u00e9sident du club bardolais compte \u00e9norm\u00e9ment sur le soutien des supporters pour am\u00e9liorer les recettes du club. Il vise la vente de plus de 2500 abonnements pour le nouvel exercice afin de parvenir \u00e0 \u00e9quilibrer le budget du club et pour un soutien plus consistant lors des rencontres \u00e0 domicile. Un appel a \u00e9t\u00e9 lanc\u00e9 pour les fans stadistes afin d\u2019\u00eatre de plus en plus nombreux \u00e0 acqu\u00e9rir leurs abonnements.<span class=\"Apple-converted-space\">\u00a0<\/span><\/strong><\/span><\/p>\n<p class=\"p2 c4\">\u00a0<\/p>\n<p class=\"p3 c5\"><span class=\"c2\"><strong>L\u2019Acad\u00e9mie reprend<\/strong><\/span><\/p>\n<p class=\"p1 c3\"><span class=\"c2\"><strong>En parall\u00e8le \u00e0 la reprise des entra\u00eenements de l\u2019\u00e9quipe senior, l\u2019Acad\u00e9mie de football va reprendre son activit\u00e9 \u00e0 son tour. Les parents ont \u00e9t\u00e9 appel\u00e9s \u00e0 s\u2019acquitter des tranches du denrier trimestre selon un programme de pr\u00e9sence affich\u00e9 au local du club.<\/strong><\/span><\/p>\n<p class=\"p4 c7\"><span class=\"c2\"><strong>M.R<\/strong><\/span><\/p>\n<p>Auteur: letemps1<br \/>\n<a href=\"http:\/\/www.letemps.com.tn\/article\/114625\/khadhraoui-prolonge-jmel-sur-ses-traces\">Cliquez ici pour lire l&rsquo;article depuis sa source.<\/a><\/p>\n","protected":false},"excerpt":{"rendered":"<p>C\u2019est la reprise au Bardo, o\u00f9 les joueurs convoqu\u00e9s par le staff technique ont r\u00e9pondu hier pr\u00e9sents, sauf ceux qui se trouvaient en dehors de nos fronti\u00e8res c\u2019est-\u00e0-dire ceux qui \u00e9taient en France ils seront en confinement pour selon la r\u00e9glementation impos\u00e9e par les instances sanitaires. Ils ne retrouveront le terrain que lors de la [&hellip;]<\/p>\n","protected":false},"author":1773,"featured_media":0,"comment_status":"closed","ping_status":"closed","sticky":false,"template":"","format":"standard","meta":{"fifu_image_url":"","fifu_image_alt":"","footnotes":""},"categories":[73,55],"tags":[],"class_list":["post-88409","post","type-post","status-publish","format-standard","hentry","category-actualite","category-tunisie"],"_links":{"self":[{"href":"https:\/\/linitiative.ca\/International\/wp-json\/wp\/v2\/posts\/88409","targetHints":{"allow":["GET"]}}],"collection":[{"href":"https:\/\/linitiative.ca\/International\/wp-json\/wp\/v2\/posts"}],"about":[{"href":"https:\/\/linitiative.ca\/International\/wp-json\/wp\/v2\/types\/post"}],"author":[{"embeddable":true,"href":"https:\/\/linitiative.ca\/International\/wp-json\/wp\/v2\/users\/1773"}],"replies":[{"embeddable":true,"href":"https:\/\/linitiative.ca\/International\/wp-json\/wp\/v2\/comments?post=88409"}],"version-history":[{"count":0,"href":"https:\/\/linitiative.ca\/International\/wp-json\/wp\/v2\/posts\/88409\/revisions"}],"wp:attachment":[{"href":"https:\/\/linitiative.ca\/International\/wp-json\/wp\/v2\/media?parent=88409"}],"wp:term":[{"taxonomy":"category","embeddable":true,"href":"https:\/\/linitiative.ca\/International\/wp-json\/wp\/v2\/categories?post=88409"},{"taxonomy":"post_tag","embeddable":true,"href":"https:\/\/linitiative.ca\/International\/wp-json\/wp\/v2\/tags?post=88409"}],"curies":[{"name":"wp","href":"https:\/\/api.w.org\/{rel}","templated":true}]}}