{"id":88410,"date":"2020-06-09T10:30:00","date_gmt":"2020-06-09T14:30:00","guid":{"rendered":"https:\/\/linitiative.ca\/International\/une-preparation-en-trois-etapes-ponctuee-par-deux-stages-et-des-matches-amicaux\/"},"modified":"2020-06-09T10:30:00","modified_gmt":"2020-06-09T14:30:00","slug":"une-preparation-en-trois-etapes-ponctuee-par-deux-stages-et-des-matches-amicaux","status":"publish","type":"post","link":"https:\/\/linitiative.ca\/International\/une-preparation-en-trois-etapes-ponctuee-par-deux-stages-et-des-matches-amicaux\/","title":{"rendered":"Une pr\u00e9paration en trois \u00e9tapes, ponctu\u00e9e par deux stages et des matches amicaux"},"content":{"rendered":"<p class=\"p1 c3\"><span class=\"c2\">Deux joueurs apr\u00e8s le coup d\u2019envoi de la pr\u00e9paration, par l\u2019ensemble sfaxien de la reprise de la comp\u00e9tition qui reprendra ses droits le 2 ao\u00fbt\u00a0prochain apr\u00e8s une interruption\u00a0de cinq mois due \u00e0 la raison que l\u2019on conna\u00eet, l\u2019entra\u00eeneur \u2018Noir et Blanc\u2019 Fethi Jbal a r\u00e9v\u00e9l\u00e9\u00a0 dans une d\u00e9claration accord\u00e9e le Week\u00a0end dernier \u00e0 la presse les grandes lignes de son programme de travail en pr\u00e9vision de cette \u00e9ch\u00e9ance.\u00a0<\/span><\/p>\n<p class=\"p1 c3\"><span class=\"c2\">Le plan des pr\u00e9paratifs des camarades de Ayemen Dahmen, tel\u00a0qu\u2019il a \u00e9t\u00e9 pr\u00e9sent\u00e9 par l\u2019entra\u00eeneur sfaxien, comprend trois principaux volets. Le premier qui a d\u00e9but\u00e9 jeudi dernier sur les deux terrains annexes du stade Mhiri est consacr\u00e9 \u00e0 la mise\u00a0en condition physique des joueurs. Il devrait se poursuivre encore jusqu\u2019\u00e0 la fin de la semaine courante.Suivront, ensuite, deux stages\u00a0 d\u2019une dur\u00e9e de deux et trois semaines, respectivement, Les lieux de ces deux stages n\u2019ont pas \u00e9t\u00e9 encore choisis. Fethi Jbal\u00a0a pr\u00e9cis\u00e9 toutefois qu\u203ails se d\u00e9rouleront soit \u00e0 Sfax ou \u00e0 Sousse ou encore \u00e0 A\u00efn Drahem.<\/span><\/p>\n<p class=\"p2 c4\"><span class=\"c2\">Jbal agr\u00e9ablement surpris par l\u2019\u00e9tat physique des\u00a0joueurs <span class=\"Apple-converted-space\">\u00a0<\/span><\/span><\/p>\n<p class=\"p1 c3\"><span class=\"c2\">Le premier rassemblement s\u2019\u00e9talera sur deux semaines durant lequel le travail sera ax\u00e9 sur le volet physique. Le second, d\u2019une dur\u00e9e de vingt jours sera consacr\u00e9 \u00e0 la fois \u00e0 l\u2019entretien de la condition physique et la pr\u00e9paration psychotechnique. Il sera meubl\u00e9 par des matches amicaux contre des sparring partners qui seront d\u00e9sign\u00e9s en temps opportun.<\/span><\/p>\n<p class=\"p1 c3\"><span class=\"c2\">Fethi Jbal\u00a0a par la m\u00eame occasion tenu \u00e0 f\u00e9liciter ses joueurs pour avoir su garder un \u00e9tat physique satisfaisant malgr\u00e9 deux\u00a0 longs mois de confinement \u2039j\u203aavais des appr\u00e9hensions de retrouver des joueurs en surpoids apr\u00e8s un confinement de huit semaines environ.Mais j\u2019ai \u00e9t\u00e9 agr\u00e9ablement surpris de constater qu\u2019ils ont gard\u00e9 plut\u00f4t bien la ligne et cela prouve qu\u2019il se sont souci\u00e9s durant toute cette p\u00e9riode d\u2019inactivit\u00e9 de leur condition physique en \u00e9vitant les exc\u00e8s culinaires et et en s\u2019adonnant r\u00e9guli\u00e8rement selon ses moyens \u00e0 des exercices de sport\u2019. at-ti remarqu\u00e9 \u00e0 cet effet.<\/span><\/p>\n<p class=\"p2 c4\"><span class=\"c2\">Un effectif de trente trois joueurs<span class=\"Apple-converted-space\">\u00a0<\/span><\/span><\/p>\n<p class=\"p1 c3\"><span class=\"c2\">Sur les 37 joueurs qu\u2019il a convoqu\u00e9s pour effectuer la premi\u00e8re phase de la pr\u00e9paration , 33 \u00e9l\u00e9ments seulement ont\u00a0 \u00e9t\u00e9 au rendez-vous. Ont manqu\u00e9, en effet, \u00e0 l\u2019appel, les deux\u00a0 joueurs r\u00e9calcitrants, Alaeddine Marzouki, en conflit depuis plusieurs mois avec\u00a0son club et qui sera, d\u2019apr\u00e8s Sami Bousarsar\u00a0le secr\u00e9taire g\u00e9n\u00e9ral du club, d\u00e9f\u00e9r\u00e9 prochainement devant le conseil de discipline et Habib Ouaslati.\u00a0Celui-ci a quitt\u00e9 le territoire tunisien\u00a0sans obtenir le pr\u00e9alable accord de ses dirigeants et de ce fait, ,il risque lui aussi le conseil de discipline. Les deux autres absents sont, par contre, en situation r\u00e9guli\u00e8re. Il s\u2019agit du lat\u00e9ral gauche Hassine Essayed et du milieu offensif alg\u00e9rien,Mohamed Islam Bakir , qui sont actuellement bloqu\u00e9s respectivement en Egypte et Alg\u00e9rie.<\/span><\/p>\n<p class=\"p3 c5\"><strong><span class=\"c2\">Ameur KERKENNI<\/span><\/strong><\/p>\n<p>Auteur: letemps1<br \/>\n<a href=\"http:\/\/www.letemps.com.tn\/article\/114626\/une-pr%C3%A9paration-en-trois-%C3%A9tapes-ponctu%C3%A9e-par-deux-stages-et-des-matches-amicaux\">Cliquez ici pour lire l&rsquo;article depuis sa source.<\/a><\/p>\n","protected":false},"excerpt":{"rendered":"<p>Deux joueurs apr\u00e8s le coup d\u2019envoi de la pr\u00e9paration, par l\u2019ensemble sfaxien de la reprise de la comp\u00e9tition qui reprendra ses droits le 2 ao\u00fbt\u00a0prochain apr\u00e8s une interruption\u00a0de cinq mois due \u00e0 la raison que l\u2019on conna\u00eet, l\u2019entra\u00eeneur \u2018Noir et Blanc\u2019 Fethi Jbal a r\u00e9v\u00e9l\u00e9\u00a0 dans une d\u00e9claration accord\u00e9e le Week\u00a0end dernier \u00e0 la presse [&hellip;]<\/p>\n","protected":false},"author":1773,"featured_media":0,"comment_status":"closed","ping_status":"closed","sticky":false,"template":"","format":"standard","meta":{"fifu_image_url":"","fifu_image_alt":"","footnotes":""},"categories":[73,55],"tags":[],"class_list":["post-88410","post","type-post","status-publish","format-standard","hentry","category-actualite","category-tunisie"],"_links":{"self":[{"href":"https:\/\/linitiative.ca\/International\/wp-json\/wp\/v2\/posts\/88410","targetHints":{"allow":["GET"]}}],"collection":[{"href":"https:\/\/linitiative.ca\/International\/wp-json\/wp\/v2\/posts"}],"about":[{"href":"https:\/\/linitiative.ca\/International\/wp-json\/wp\/v2\/types\/post"}],"author":[{"embeddable":true,"href":"https:\/\/linitiative.ca\/International\/wp-json\/wp\/v2\/users\/1773"}],"replies":[{"embeddable":true,"href":"https:\/\/linitiative.ca\/International\/wp-json\/wp\/v2\/comments?post=88410"}],"version-history":[{"count":0,"href":"https:\/\/linitiative.ca\/International\/wp-json\/wp\/v2\/posts\/88410\/revisions"}],"wp:attachment":[{"href":"https:\/\/linitiative.ca\/International\/wp-json\/wp\/v2\/media?parent=88410"}],"wp:term":[{"taxonomy":"category","embeddable":true,"href":"https:\/\/linitiative.ca\/International\/wp-json\/wp\/v2\/categories?post=88410"},{"taxonomy":"post_tag","embeddable":true,"href":"https:\/\/linitiative.ca\/International\/wp-json\/wp\/v2\/tags?post=88410"}],"curies":[{"name":"wp","href":"https:\/\/api.w.org\/{rel}","templated":true}]}}