{"id":88411,"date":"2020-06-09T10:30:00","date_gmt":"2020-06-09T14:30:00","guid":{"rendered":"https:\/\/linitiative.ca\/International\/je-suis-tres-proche-de-parvenir-a-un-accord-avec-mon-club\/"},"modified":"2020-06-09T10:30:00","modified_gmt":"2020-06-09T14:30:00","slug":"je-suis-tres-proche-de-parvenir-a-un-accord-avec-mon-club","status":"publish","type":"post","link":"https:\/\/linitiative.ca\/International\/je-suis-tres-proche-de-parvenir-a-un-accord-avec-mon-club\/","title":{"rendered":"\u00abJe suis tr\u00e8s proche de parvenir \u00e0 un accord avec mon club\u00bb"},"content":{"rendered":"<p>Nessim Hnid devrait rempiler jusqu\u2019au\u00a030 juin 2023:<\/p>\n<footer class=\"submitted clearfix\">\n<p><span class=\"date-display-single\" property=\"dc:date\" datatype=\"xsd:dateTime\" content=\"2020-06-09T00:00:00+01:00\">Mardi 9 Juin 2020<\/span><\/p>\n<\/footer>\n<div class=\"content clearfix\" readability=\"38.35548048048\"><span class=\"print-link\"><span class=\"print_html\"><a href=\"http:\/\/www.letemps.com.tn\/print\/114627\" title=\"Display a printer-friendly version of this page.\" class=\"print-page\" onclick=\"window.open(this.href); return false\" rel=\"nofollow\"><img decoding=\"async\" class=\"print-icon\" typeof=\"foaf:Image\" src=\"http:\/\/www.letemps.com.tn\/sites\/all\/modules\/print\/icons\/print_icon.gif\" alt=\"\u0646\u0633\u062e\u0629 \u0644\u0644\u0637\u0628\u0627\u0639\u0629\" title=\"\u0646\u0633\u062e\u0629 \u0644\u0644\u0637\u0628\u0627\u0639\u0629\"\/><\/a><\/span><\/span><\/p>\n<div class=\"beacon9-social\">\n<p><iframe src=\"http:\/\/www.facebook.com\/plugins\/like.php?href=http%3A%2F%2Fwww.letemps.com.tn%2Farticle%2F114627%2F%25C2%25ABje-suis-tr%25C3%25A8s-proche-de-parvenir-%25C3%25A0-un-accord-avec-mon-club%25C2%25BB&amp;layout=button_count&amp;show_faces=false&amp;action=like&amp;font=arial&amp;colorscheme=light\" scrolling=\"no\" frameborder=\"0\" class=\"c1\" allowtransparency=\"true\">[embedded content]<\/iframe><\/p>\n<\/div>\n<div class=\"field field-name-field-op-main-image field-type-image field-label-hidden field-items field-item even\"><img loading=\"lazy\" decoding=\"async\" typeof=\"foaf:Image\" src=\"http:\/\/www.letemps.com.tn\/sites\/www.letemps.com.tn\/files\/styles\/620px_wide\/public\/main\/articles\/p14 n,,2.jpg\" width=\"351\" height=\"423\" alt=\"\"\/><\/div>\n<div class=\"field field-name-body field-type-text-with-summary field-label-hidden field-items field-item even\" readability=\"47\">\n<p class=\"p1 c3\"><span class=\"c2\"><strong>Dans une d\u00e9claration accord\u00e9e sur les ondes de Radio, Diwan\u00a0FM, le d\u00e9fenseur\u00a0central Nessim Hnid a indiqu\u00e9 qu\u2019il est sur le point de parvenir \u00e0 un accord d\u00e9finitif avec son club pour prolonger son contrat d\u2019une ann\u00e9e suppl\u00e9mentaire. Le nouveau contrat du joueur\u00a0axial sfaxien qui vient, rappelons-le, de retrouver la s\u00e9lection nationale apr\u00e8s une courte absence due \u00e0 une blessure\u00a0 l\u2019ayant contraint \u00e0 un mois de repos forc\u00e9 sera ainsi prolong\u00e9 jusqu\u2019au 30 juin 2023.\u00a0\u00a0<\/strong><\/span><\/p>\n<p class=\"p2 c4\"><span class=\"c2\"><strong>L\u2019agent de\u00a0Sokari<span class=\"Apple-converted-space\">\u00a0<\/span><\/strong><\/span><\/p>\n<p class=\"p2 c4\"><span class=\"c2\"><strong>et Uduwo\u00a0menace <span class=\"Apple-converted-space\">\u00a0<\/span><\/strong><\/span><\/p>\n<p class=\"p1 c3\"><span class=\"c2\"><strong>Mahmoud Ouaddani, l\u2019agent des deux joueurs nig\u00e9rians, Kingsley Sokari et Kingsley Uduwo a indiqu\u00e9 \u00e0 la presse que les deux joueurs en question qui sont sous sa coupe n\u2019ont pas per\u00e7u un total de sept mois de salaires. tout en attirant l\u2019attention des\u00a0responsables du club sur la n\u00e9cessit\u00e9 de leur r\u00e9gler leurs arri\u00e9r\u00e9s dans les meilleurs d\u00e9lais, il a brandi la menace\u00a0 de porter leur cas devant le TAS au cas o\u00f9 le CSS faillirait \u00e0 ses engagements ce qui donnerait le droit \u00e0 ces deux joueurs\u00a0 de choisir librement une autre destination. A l\u2019heure qu\u2019il est nous apprenons que l\u2019agent du joueur devait se d\u00e9placer aujourd\u2019hui \u00e0 Sfax pour s\u2019entretenir \u00e0 ce propos avec le pr\u00e9sident du club afin de parvenir \u00e0 une solution de compromis.<\/strong><\/span><\/p>\n<p class=\"p3 c5\"><span class=\"c2\"><strong>Ameur KERKENNI<\/strong><\/span><\/p>\n<\/div>\n<\/div>\n<p>Auteur: letemps1<br \/>\n<a href=\"http:\/\/www.letemps.com.tn\/article\/114627\/%C2%ABje-suis-tr%C3%A8s-proche-de-parvenir-%C3%A0-un-accord-avec-mon-club%C2%BB\">Cliquez ici pour lire l&rsquo;article depuis sa source.<\/a><\/p>\n","protected":false},"excerpt":{"rendered":"<p>Nessim Hnid devrait rempiler jusqu\u2019au\u00a030 juin 2023: Mardi 9 Juin 2020 [embedded content] Dans une d\u00e9claration accord\u00e9e sur les ondes de Radio, Diwan\u00a0FM, le d\u00e9fenseur\u00a0central Nessim Hnid a indiqu\u00e9 qu\u2019il est sur le point de parvenir \u00e0 un accord d\u00e9finitif avec son club pour prolonger son contrat d\u2019une ann\u00e9e suppl\u00e9mentaire. Le nouveau contrat du joueur\u00a0axial [&hellip;]<\/p>\n","protected":false},"author":1773,"featured_media":88412,"comment_status":"closed","ping_status":"closed","sticky":false,"template":"","format":"standard","meta":{"fifu_image_url":"","fifu_image_alt":"","footnotes":""},"categories":[73,55],"tags":[],"class_list":["post-88411","post","type-post","status-publish","format-standard","has-post-thumbnail","hentry","category-actualite","category-tunisie"],"_links":{"self":[{"href":"https:\/\/linitiative.ca\/International\/wp-json\/wp\/v2\/posts\/88411","targetHints":{"allow":["GET"]}}],"collection":[{"href":"https:\/\/linitiative.ca\/International\/wp-json\/wp\/v2\/posts"}],"about":[{"href":"https:\/\/linitiative.ca\/International\/wp-json\/wp\/v2\/types\/post"}],"author":[{"embeddable":true,"href":"https:\/\/linitiative.ca\/International\/wp-json\/wp\/v2\/users\/1773"}],"replies":[{"embeddable":true,"href":"https:\/\/linitiative.ca\/International\/wp-json\/wp\/v2\/comments?post=88411"}],"version-history":[{"count":0,"href":"https:\/\/linitiative.ca\/International\/wp-json\/wp\/v2\/posts\/88411\/revisions"}],"wp:featuredmedia":[{"embeddable":true,"href":"https:\/\/linitiative.ca\/International\/wp-json\/"}],"wp:attachment":[{"href":"https:\/\/linitiative.ca\/International\/wp-json\/wp\/v2\/media?parent=88411"}],"wp:term":[{"taxonomy":"category","embeddable":true,"href":"https:\/\/linitiative.ca\/International\/wp-json\/wp\/v2\/categories?post=88411"},{"taxonomy":"post_tag","embeddable":true,"href":"https:\/\/linitiative.ca\/International\/wp-json\/wp\/v2\/tags?post=88411"}],"curies":[{"name":"wp","href":"https:\/\/api.w.org\/{rel}","templated":true}]}}