{"id":88413,"date":"2020-06-09T10:30:00","date_gmt":"2020-06-09T14:30:00","guid":{"rendered":"https:\/\/linitiative.ca\/International\/luis-fernandez-et-alain-casanova-en-ballotage\/"},"modified":"2020-06-09T10:30:00","modified_gmt":"2020-06-09T14:30:00","slug":"luis-fernandez-et-alain-casanova-en-ballotage","status":"publish","type":"post","link":"https:\/\/linitiative.ca\/International\/luis-fernandez-et-alain-casanova-en-ballotage\/","title":{"rendered":"Luis Fernandez et Alain Casanova, en ballotage"},"content":{"rendered":"<p class=\"p1 c3\"><span class=\"c2\">Le week-end dernier a \u00e9t\u00e9 riche en \u00e9v\u00e8nements du c\u00f4t\u00e9 de l\u2019Etoile et a constitu\u00e9 le point de d\u00e9part du nouveau cycle amorc\u00e9 par les d\u00e9cideurs \u00e9toil\u00e9s, ou plut\u00f4t un retour aux\u00a0\u00ab\u00a0fondamentaux\u00a0\u00bb de l\u2019ESS d\u2019apr\u00e8s les aveux m\u00eame de son establishment.<\/span><\/p>\n<p class=\"p1 c3\"><span class=\"c2\">Outre la convocation de 18 jeunes talents issus du centre de formation- un v\u00e9ritable label d\u2019excellence pour le club- pour int\u00e9grer l\u2019\u00e9quipe fanion\u00a0; les dirigeants de l\u2019Etoile travaillent activement sur le dossier du futur entraineur qui sera de nationalit\u00e9 fran\u00e7aise. A ce sujet, deux noms circulent avec insistance en l\u2019occurrence l\u2019ex-coach du PSG et actuel consultant sportif Luis Fernandez et l\u2019ancien entraineur de Toulouse Alain Casanova.<\/span><\/p>\n<p class=\"p1 c3\"><span class=\"c2\">Deux autres noms ont \u00e9t\u00e9 \u00e9voqu\u00e9s \u00e0 savoir l\u2019actuel coach du Zamalek Patrice Carteron-dont les revendications salariales sont jusqu\u2019ici exorbitantes(on parle d\u2019un salaire de 45 mille euros) et Jean Michel Cavalli, un technicien fran\u00e7ais qui a roul\u00e9 sa bosse dans plusieurs pays dont l\u2019Alg\u00e9rie, l\u2019Arabie Saoudite, le Maroc outre la France son pays d\u2019origine.<span class=\"Apple-converted-space\">\u00a0<\/span><\/span><\/p>\n<p class=\"p1 c3\"><span class=\"c2\">Toujours dans ce m\u00eame volet des affaires techniques de l\u2019\u00e9toile, la direction du club a pris la d\u00e9cision de remercier Imed B Younes et l\u2019accompagnateur de l\u2019\u00e9quipe Hamdi Mabrouk.<\/span><\/p>\n<p class=\"p2 c4\"><span class=\"c2\"><strong>Chikhaoui officiellement partant<\/strong><\/span><\/p>\n<p class=\"p1 c3\"><span class=\"c2\">Volet effectif, comme nous l\u2019avions annonc\u00e9 lors de nos pr\u00e9c\u00e9dentes \u00e9ditions, une v\u00e9ritable purge est en train de se mettre en place au sein du club sah\u00e9lien.<\/span><\/p>\n<p class=\"p1 c3\"><span class=\"c2\">Le fait saillant dans ce nouveau cycle, est sans aucun doute le d\u00e9part d\u00e9sormais officiel du capitaine de l\u2019\u00e9quipe Yassine Chikhaoui dont certains doutes planaient sur le sort du strat\u00e8ge de l\u2019Etoile.<\/span><\/p>\n<p class=\"p1 c3\"><span class=\"c2\">Les autres noms exclus de la reprise des entrainements pr\u00e9vue pour hier lundi ne rel\u00e8vent d\u2019aucun effet de surprise, \u00e0 l\u2019instar des Jemal, Brigui, Bdiri,Alaedine Ayoub, Krir,Konat\u00e9,Methnani,Haj Hassen.<\/span><\/p>\n<p class=\"p3 c5\">\u00a0<\/p>\n<p class=\"p2 c4\"><span class=\"c2\"><strong>Un directeur technique de renom<span class=\"Apple-converted-space\">\u00a0<\/span><\/strong><\/span><\/p>\n<p class=\"p2 c4\"><span class=\"c2\"><strong>au centre de formation<\/strong><\/span><\/p>\n<p class=\"p1 c3\"><span class=\"c2\">L\u2019air du changement a touch\u00e9 le centre de formation, puisqu\u2019apr\u00e8s son rattachement au pr\u00e9sident de la section football Chokri Laamiri et limogeage de l\u2019ex-directeur technique Mourad Ajmi,la direction de l\u2019Etoile vient de se mettre d\u2019accord avec un technicien fran\u00e7ais jouissant d\u2019une carte de visite remarquable dans le domaine de formation et a \u00e9t\u00e9 derri\u00e8re l\u2019\u00e9closion de grandes figures du football mondial \u00e0 l\u2019instar de Steve Mandanda et de Riadh Mehrez.Il \u00e9tait entre autres en charge du fameux centre de formation du Havre.<\/span><\/p>\n<p class=\"p4 c6\"><span class=\"c2\"><strong>Hatem REGAIEG<\/strong><\/span><\/p>\n<p>Auteur: letemps1<br \/>\n<a href=\"http:\/\/www.letemps.com.tn\/article\/114628\/luis-fernandez-et-alain-casanova-en-ballotage\">Cliquez ici pour lire l&rsquo;article depuis sa source.<\/a><\/p>\n","protected":false},"excerpt":{"rendered":"<p>Le week-end dernier a \u00e9t\u00e9 riche en \u00e9v\u00e8nements du c\u00f4t\u00e9 de l\u2019Etoile et a constitu\u00e9 le point de d\u00e9part du nouveau cycle amorc\u00e9 par les d\u00e9cideurs \u00e9toil\u00e9s, ou plut\u00f4t un retour aux\u00a0\u00ab\u00a0fondamentaux\u00a0\u00bb de l\u2019ESS d\u2019apr\u00e8s les aveux m\u00eame de son establishment. Outre la convocation de 18 jeunes talents issus du centre de formation- un v\u00e9ritable [&hellip;]<\/p>\n","protected":false},"author":1773,"featured_media":0,"comment_status":"closed","ping_status":"closed","sticky":false,"template":"","format":"standard","meta":{"fifu_image_url":"","fifu_image_alt":"","footnotes":""},"categories":[73,55],"tags":[],"class_list":["post-88413","post","type-post","status-publish","format-standard","hentry","category-actualite","category-tunisie"],"_links":{"self":[{"href":"https:\/\/linitiative.ca\/International\/wp-json\/wp\/v2\/posts\/88413","targetHints":{"allow":["GET"]}}],"collection":[{"href":"https:\/\/linitiative.ca\/International\/wp-json\/wp\/v2\/posts"}],"about":[{"href":"https:\/\/linitiative.ca\/International\/wp-json\/wp\/v2\/types\/post"}],"author":[{"embeddable":true,"href":"https:\/\/linitiative.ca\/International\/wp-json\/wp\/v2\/users\/1773"}],"replies":[{"embeddable":true,"href":"https:\/\/linitiative.ca\/International\/wp-json\/wp\/v2\/comments?post=88413"}],"version-history":[{"count":0,"href":"https:\/\/linitiative.ca\/International\/wp-json\/wp\/v2\/posts\/88413\/revisions"}],"wp:attachment":[{"href":"https:\/\/linitiative.ca\/International\/wp-json\/wp\/v2\/media?parent=88413"}],"wp:term":[{"taxonomy":"category","embeddable":true,"href":"https:\/\/linitiative.ca\/International\/wp-json\/wp\/v2\/categories?post=88413"},{"taxonomy":"post_tag","embeddable":true,"href":"https:\/\/linitiative.ca\/International\/wp-json\/wp\/v2\/tags?post=88413"}],"curies":[{"name":"wp","href":"https:\/\/api.w.org\/{rel}","templated":true}]}}