{"id":88416,"date":"2020-06-09T15:13:11","date_gmt":"2020-06-09T19:13:11","guid":{"rendered":"https:\/\/linitiative.ca\/International\/international-real-courtois-etrange-de-dire-que-nous-sommes-inferieurs-au-barca\/"},"modified":"2020-06-09T15:13:11","modified_gmt":"2020-06-09T19:13:11","slug":"international-real-courtois-etrange-de-dire-que-nous-sommes-inferieurs-au-barca","status":"publish","type":"post","link":"https:\/\/linitiative.ca\/International\/international-real-courtois-etrange-de-dire-que-nous-sommes-inferieurs-au-barca\/","title":{"rendered":"International : Real &#8211; Courtois : \u00ab\u00a0Etrange de dire que nous sommes inf\u00e9rieurs au Bar\u00e7a\u00a0\u00bb"},"content":{"rendered":"<div readability=\"32\">\n<p>Auteur : <span class=\"time\">mardi 09 juin 2020 12:45<\/span><\/p>\n<\/div>\n<div id=\"post_core\" readability=\"52\">\n<p>Apr\u00e8s la suspension de la Liga, le gardien du Real Madrid a \u00e9voqu\u00e9 le risque de voir le Bar\u00e7a sacr\u00e9 si le championnat ne reprenait pas : \u00ab\u00a0S\u2019ils devaient arr\u00eater la comp\u00e9tition demain et que le Bar\u00e7a est champion, je ne pense pas que ce soit tout \u00e0 fait normal. Je pense que nous montrons actuellement que nous sommes la meilleure \u00e9quipe, m\u00eame si nous avons deux points de retard\u00a0\u00bb, avait-il confi\u00e9, provoquant des r\u00e9actions pour le moins tranch\u00e9es dans les m\u00e9dias barcelonais.<\/p>\n<p>Alors que la Liga s\u2019appr\u00eate \u00e0 reprendre, Thibaut Courtois est revenu sur ses d\u00e9clarations, en remettant une couche sur la sup\u00e9riorit\u00e9 du Real Madrid. \u00ab\u00a0Il serait \u00e9trange de dire que nous sommes inf\u00e9rieurs au Bar\u00e7a alors que nous les avons battus juste avant le confinement (2-0). M\u00eame si nous avons ensuite perdu contre le Betis (2-1), je vois que nous sommes tr\u00e8s bien, c\u2019est pourquoi j\u2019ai donn\u00e9 cet avis\u00a0\u00bb, a-t-il expliqu\u00e9 comme le rapporte Football.<\/p>\n<p><strong>Publi\u00e9 dans :<\/strong> <span>real madrid<\/span><\/p>\n<\/div>\n<p>Auteur:<br \/>\n<a href=\"http:\/\/www.lebuteur.com\/article\/detail?titre=real-courtois-etrange-de-dire-que-nous-sommes-inferieurs-au-barca&#038;id=96197&#038;utm_source=feedburner&#038;utm_medium=feed&#038;utm_campaign=Feed%3A+GalerieFArtciles+%28Les+derniers+articles++-+lebuteur.com%29\">Cliquez ici pour lire l&rsquo;article depuis sa source.<\/a><\/p>\n","protected":false},"excerpt":{"rendered":"<p>Auteur : mardi 09 juin 2020 12:45 Apr\u00e8s la suspension de la Liga, le gardien du Real Madrid a \u00e9voqu\u00e9 le risque de voir le Bar\u00e7a sacr\u00e9 si le championnat ne reprenait pas : \u00ab\u00a0S\u2019ils devaient arr\u00eater la comp\u00e9tition demain et que le Bar\u00e7a est champion, je ne pense pas que ce soit tout \u00e0 [&hellip;]<\/p>\n","protected":false},"author":1738,"featured_media":88417,"comment_status":"closed","ping_status":"closed","sticky":false,"template":"","format":"standard","meta":{"fifu_image_url":"","fifu_image_alt":"","footnotes":""},"categories":[53,75],"tags":[],"class_list":["post-88416","post","type-post","status-publish","format-standard","has-post-thumbnail","hentry","category-algerie","category-sport"],"_links":{"self":[{"href":"https:\/\/linitiative.ca\/International\/wp-json\/wp\/v2\/posts\/88416","targetHints":{"allow":["GET"]}}],"collection":[{"href":"https:\/\/linitiative.ca\/International\/wp-json\/wp\/v2\/posts"}],"about":[{"href":"https:\/\/linitiative.ca\/International\/wp-json\/wp\/v2\/types\/post"}],"author":[{"embeddable":true,"href":"https:\/\/linitiative.ca\/International\/wp-json\/wp\/v2\/users\/1738"}],"replies":[{"embeddable":true,"href":"https:\/\/linitiative.ca\/International\/wp-json\/wp\/v2\/comments?post=88416"}],"version-history":[{"count":0,"href":"https:\/\/linitiative.ca\/International\/wp-json\/wp\/v2\/posts\/88416\/revisions"}],"wp:featuredmedia":[{"embeddable":true,"href":"https:\/\/linitiative.ca\/International\/wp-json\/"}],"wp:attachment":[{"href":"https:\/\/linitiative.ca\/International\/wp-json\/wp\/v2\/media?parent=88416"}],"wp:term":[{"taxonomy":"category","embeddable":true,"href":"https:\/\/linitiative.ca\/International\/wp-json\/wp\/v2\/categories?post=88416"},{"taxonomy":"post_tag","embeddable":true,"href":"https:\/\/linitiative.ca\/International\/wp-json\/wp\/v2\/tags?post=88416"}],"curies":[{"name":"wp","href":"https:\/\/api.w.org\/{rel}","templated":true}]}}