{"id":88418,"date":"2020-06-09T15:13:12","date_gmt":"2020-06-09T19:13:12","guid":{"rendered":"https:\/\/linitiative.ca\/International\/ligue-1-2-le-mjs-interdit-aux-federations-tout-changement-interne-avant-les-age\/"},"modified":"2020-06-09T15:13:12","modified_gmt":"2020-06-09T19:13:12","slug":"ligue-1-2-le-mjs-interdit-aux-federations-tout-changement-interne-avant-les-age","status":"publish","type":"post","link":"https:\/\/linitiative.ca\/International\/ligue-1-2-le-mjs-interdit-aux-federations-tout-changement-interne-avant-les-age\/","title":{"rendered":"Ligue 1 &amp; 2 : Le MJS interdit aux f\u00e9d\u00e9rations tout changement interne avant les AGE"},"content":{"rendered":"<div readability=\"32\">\n<p>Auteur : <span>APS<\/span> <span class=\"time\">mardi 09 juin 2020 17:15<\/span><\/p>\n<\/div>\n<div id=\"post_core\" readability=\"47\">\n<p>Le mandat olympique 2017\/2020 \u00e9tant arriv\u00e9 \u00e0 terme pour l&rsquo;ensemble des f\u00e9d\u00e9rations sportives alg\u00e9riennes, le minist\u00e8re de la Jeunesse et des Sports (MJS) a saisi ces instances dans la soir\u00e9e de lundi pour le leur rappeler, en annon\u00e7ant au passage qu&rsquo;il est \u00ab\u00a0formellement interdit de proc\u00e9der \u00e0 la moindre modification dans leurs r\u00e8glements int\u00e9rieurs \u00e0 l&rsquo;approche des assembl\u00e9es g\u00e9n\u00e9rales \u00e9lectives\u00a0\u00bb. 2020 est en effet une ann\u00e9e olympique et les bureaux f\u00e9d\u00e9raux consitu\u00e9s en 2017 devront recourir une nouvelle fois aux urnes, soit pour \u00eatre reconduits, ou alors pour c\u00e9der la place \u00e0 de nouveaux \u00e9lus, qui b\u00e9n\u00e9ficieront de la confiance et du soutien des membres de l&rsquo;assembl\u00e9e. Outre les r\u00e8glements int\u00e9rieurs, le MJS a formellement interdit aux f\u00e9d\u00e9rations de \u00ab\u00a0modifier leurs syst\u00e8mes de comp\u00e9tition, leurs r\u00e8glements disciplinaires\u00a0\u00bb, ou m\u00eame de \u00ab\u00a0changer de poste aux cadres techniques\u00a0\u00bb activant en leur sein. \u00ab\u00a0Il n&rsquo;est pas permis \u00e9galement de cr\u00e9er de nouvelles structures internes ou de relancer des activit\u00e9s \u00e0 l&rsquo;arr\u00eat\u00a0\u00bb a encore indiqu\u00e9 le MJS dans son communiqu\u00e9, en annon\u00e7ant aux f\u00e9d\u00e9rations que\u00a0 des d\u00e9tails suppl\u00e9mentaires leurs seront transmis en temps opportun. Le minist\u00e8re a expliqu\u00e9 sa d\u00e9marche en respect de la loi 13-05, relative \u00e0 l&rsquo;organisation des activit\u00e9s physiques et sportives, et en application du d\u00e9cret ex\u00e9cutif 14-330, qui d\u00e9fini la mani\u00e8re de fonctionner des diff\u00e9rentes f\u00e9d\u00e9rations sportives.<\/p>\n<p><strong>Publi\u00e9 dans :<\/strong> <span>MJS<\/span><\/p>\n<\/div>\n<p>Auteur:<br \/>\n<a href=\"http:\/\/www.lebuteur.com\/article\/detail?titre=le-mjs-interdit-aux-federations-tout-changement-interne-avant-les-age&#038;id=96198&#038;utm_source=feedburner&#038;utm_medium=feed&#038;utm_campaign=Feed%3A+GalerieFArtciles+%28Les+derniers+articles++-+lebuteur.com%29\">Cliquez ici pour lire l&rsquo;article depuis sa source.<\/a><\/p>\n","protected":false},"excerpt":{"rendered":"<p>Auteur : APS mardi 09 juin 2020 17:15 Le mandat olympique 2017\/2020 \u00e9tant arriv\u00e9 \u00e0 terme pour l&rsquo;ensemble des f\u00e9d\u00e9rations sportives alg\u00e9riennes, le minist\u00e8re de la Jeunesse et des Sports (MJS) a saisi ces instances dans la soir\u00e9e de lundi pour le leur rappeler, en annon\u00e7ant au passage qu&rsquo;il est \u00ab\u00a0formellement interdit de proc\u00e9der \u00e0 [&hellip;]<\/p>\n","protected":false},"author":1738,"featured_media":88419,"comment_status":"closed","ping_status":"closed","sticky":false,"template":"","format":"standard","meta":{"fifu_image_url":"","fifu_image_alt":"","footnotes":""},"categories":[53,75],"tags":[],"class_list":["post-88418","post","type-post","status-publish","format-standard","has-post-thumbnail","hentry","category-algerie","category-sport"],"_links":{"self":[{"href":"https:\/\/linitiative.ca\/International\/wp-json\/wp\/v2\/posts\/88418","targetHints":{"allow":["GET"]}}],"collection":[{"href":"https:\/\/linitiative.ca\/International\/wp-json\/wp\/v2\/posts"}],"about":[{"href":"https:\/\/linitiative.ca\/International\/wp-json\/wp\/v2\/types\/post"}],"author":[{"embeddable":true,"href":"https:\/\/linitiative.ca\/International\/wp-json\/wp\/v2\/users\/1738"}],"replies":[{"embeddable":true,"href":"https:\/\/linitiative.ca\/International\/wp-json\/wp\/v2\/comments?post=88418"}],"version-history":[{"count":0,"href":"https:\/\/linitiative.ca\/International\/wp-json\/wp\/v2\/posts\/88418\/revisions"}],"wp:featuredmedia":[{"embeddable":true,"href":"https:\/\/linitiative.ca\/International\/wp-json\/"}],"wp:attachment":[{"href":"https:\/\/linitiative.ca\/International\/wp-json\/wp\/v2\/media?parent=88418"}],"wp:term":[{"taxonomy":"category","embeddable":true,"href":"https:\/\/linitiative.ca\/International\/wp-json\/wp\/v2\/categories?post=88418"},{"taxonomy":"post_tag","embeddable":true,"href":"https:\/\/linitiative.ca\/International\/wp-json\/wp\/v2\/tags?post=88418"}],"curies":[{"name":"wp","href":"https:\/\/api.w.org\/{rel}","templated":true}]}}