{"id":88431,"date":"2020-06-09T13:13:53","date_gmt":"2020-06-09T17:13:53","guid":{"rendered":"https:\/\/linitiative.ca\/International\/105984-foot-enregistrement-sonore-la-lfp-salue-la-volonte-de-la-justice-a-combattre-la-corruption\/"},"modified":"2020-06-09T13:13:53","modified_gmt":"2020-06-09T17:13:53","slug":"105984-foot-enregistrement-sonore-la-lfp-salue-la-volonte-de-la-justice-a-combattre-la-corruption","status":"publish","type":"post","link":"https:\/\/linitiative.ca\/International\/105984-foot-enregistrement-sonore-la-lfp-salue-la-volonte-de-la-justice-a-combattre-la-corruption\/","title":{"rendered":"Enregistrement sonore: la LFP salue la volont\u00e9 de la justice \u00e0 combattre la corruption"},"content":{"rendered":"<div readability=\"39\">\n<p><strong>ALGER &#8211; Le vice-pr\u00e9sident de la Ligue de football professionnel (LFP), Farouk Belguidoum, a d\u00e9clar\u00e9 mardi que sa structure \u00e9tait \u00ab\u00a0confort\u00e9e\u00a0\u00bb par la \u00ab\u00a0volont\u00e9\u00a0\u00bb de la justice alg\u00e9rienne de combattre toute forme de corruption, deux jours apr\u00e8s la mise sous mandat de d\u00e9p\u00f4t du directeur g\u00e9n\u00e9ral de l&rsquo;ES S\u00e9tif Fahd Halfaia et du manager de joueurs Nassim Sa\u00e2daoui, dans une affaire de trucage pr\u00e9sum\u00e9 de matchs.<\/strong><\/p>\n<\/div>\n<div readability=\"64.814410480349\">\n<p>\u00ab\u00a0La LFP est confort\u00e9e par la volont\u00e9 de la justice de combattre toute forme de corruption dans le football. Pour moi, cet enregistrement sonore est un v\u00e9ritable scandale que nous d\u00e9non\u00e7ons avec force. Il est temps que les personnes fautives soient jug\u00e9es et condamn\u00e9es pour \u00e9viter que ce fl\u00e9au ne prenne de l&rsquo;ampleur\u00a0\u00bb, a affirm\u00e9 \u00e0 l&rsquo;APS Belguidoum, \u00e9galement porte-parole de l&rsquo;instance dirigeante de la comp\u00e9tition.<\/p>\n<p>Halfaia est accus\u00e9 de corruption en vue d&rsquo;arranger des matchs de football, alors que Sa\u00e2daoui est poursuivi pour corruption en vue d&rsquo;influencer le r\u00e9sultat d&rsquo;un match, diffamation, atteinte \u00e0 la vie priv\u00e9e d&rsquo;autrui, ainsi qu&rsquo;enregistrement d&rsquo;appels t\u00e9l\u00e9phoniques sans consentement. Les deux accus\u00e9s encourent une peine de 2 \u00e0 10 ans d&#8217;emprisonnement, selon le procureur de la R\u00e9publique.<\/p>\n<blockquote readability=\"10\">\n<p><em><strong>\u00ab\u00a0Le bureau ex\u00e9cutif de la LFP tiendra jeudi une r\u00e9union pour traiter notamment cette affaire d&rsquo;enregistrement sonore, en attendant le verdict de la commission de discipline qui sera d\u00e9voil\u00e9 en principe dans les prochaines heures. L&rsquo;un des points qui seront trait\u00e9s lors de cette r\u00e9union est l&rsquo;\u00e9ventualit\u00e9 pour la LFP de se constituer partie civile dans cette affaire\u00a0\u00bb, a-t-il ajout\u00e9.<\/strong><\/em><\/p>\n<\/blockquote>\n<hr\/>\n<h3>Lire aussi:\u00a0<a href=\"http:\/\/www.aps.dz\/sport\/105929-foot-enregistrement-sonore-la-justice-algerienne-passe-a-la-vitesse-superieure\" target=\"_blank\" rel=\"noopener noreferrer\">Foot-Enregistrement sonore: la justice alg\u00e9rienne passe \u00e0 la vitesse sup\u00e9rieure<\/a><\/h3>\n<hr\/>\n<p>Auditionn\u00e9s \u00e0 deux reprises d&rsquo;abord par la commission de discipline de la LFP, Nassim Sa\u00e2daoui et Fahd Halfaia ont d\u00e9fendu leur cause en plaidant leur innocence. Sa\u00e2daoui a affirm\u00e9 que le sonore en question \u00ab\u00a0n&rsquo;est pas un faux\u00a0\u00bb, contrairement aux propos du dirigeant s\u00e9tifien, lequel insistait sur le fait qu&rsquo;il s&rsquo;agissait d&rsquo;un \u00ab\u00a0montage\u00a0\u00bb.<\/p>\n<p>Lors de sa conf\u00e9rence de presse lundi, le procureur de la R\u00e9publique pr\u00e8s le tribunal de Sidi M&rsquo;hamed (Alger) a indiqu\u00e9 que l&rsquo;expertise de l&rsquo;enregistrement a montr\u00e9 qu&rsquo;il s&rsquo;agit bien des voix des accus\u00e9s et que ce n&rsquo;\u00e9tait pas un montage.<\/p>\n<p>La comparution des diff\u00e9rentes parties li\u00e9es \u00e0 cette affaire fait suite \u00e0 la plainte contre X d\u00e9pos\u00e9e par le minist\u00e8re de la Jeunesse et des Sports.<\/p>\n<\/div>\n<p>Auteur:<br \/>\n<a href=\"http:\/\/www.aps.dz\/sport\/105984-foot-enregistrement-sonore-la-lfp-salue-la-volonte-de-la-justice-a-combattre-la-corruption?utm_source=feedburner&#038;utm_medium=feed&#038;utm_campaign=Feed%3A+aps-sport+%28APS+-+SPORT%29\">Cliquez ici pour lire l&rsquo;article depuis sa source.<\/a><\/p>\n","protected":false},"excerpt":{"rendered":"<p>ALGER &#8211; Le vice-pr\u00e9sident de la Ligue de football professionnel (LFP), Farouk Belguidoum, a d\u00e9clar\u00e9 mardi que sa structure \u00e9tait \u00ab\u00a0confort\u00e9e\u00a0\u00bb par la \u00ab\u00a0volont\u00e9\u00a0\u00bb de la justice alg\u00e9rienne de combattre toute forme de corruption, deux jours apr\u00e8s la mise sous mandat de d\u00e9p\u00f4t du directeur g\u00e9n\u00e9ral de l&rsquo;ES S\u00e9tif Fahd Halfaia et du manager de [&hellip;]<\/p>\n","protected":false},"author":1790,"featured_media":0,"comment_status":"closed","ping_status":"closed","sticky":false,"template":"","format":"standard","meta":{"fifu_image_url":"","fifu_image_alt":"","footnotes":""},"categories":[53,75],"tags":[],"class_list":["post-88431","post","type-post","status-publish","format-standard","hentry","category-algerie","category-sport"],"_links":{"self":[{"href":"https:\/\/linitiative.ca\/International\/wp-json\/wp\/v2\/posts\/88431","targetHints":{"allow":["GET"]}}],"collection":[{"href":"https:\/\/linitiative.ca\/International\/wp-json\/wp\/v2\/posts"}],"about":[{"href":"https:\/\/linitiative.ca\/International\/wp-json\/wp\/v2\/types\/post"}],"author":[{"embeddable":true,"href":"https:\/\/linitiative.ca\/International\/wp-json\/wp\/v2\/users\/1790"}],"replies":[{"embeddable":true,"href":"https:\/\/linitiative.ca\/International\/wp-json\/wp\/v2\/comments?post=88431"}],"version-history":[{"count":0,"href":"https:\/\/linitiative.ca\/International\/wp-json\/wp\/v2\/posts\/88431\/revisions"}],"wp:attachment":[{"href":"https:\/\/linitiative.ca\/International\/wp-json\/wp\/v2\/media?parent=88431"}],"wp:term":[{"taxonomy":"category","embeddable":true,"href":"https:\/\/linitiative.ca\/International\/wp-json\/wp\/v2\/categories?post=88431"},{"taxonomy":"post_tag","embeddable":true,"href":"https:\/\/linitiative.ca\/International\/wp-json\/wp\/v2\/tags?post=88431"}],"curies":[{"name":"wp","href":"https:\/\/api.w.org\/{rel}","templated":true}]}}