{"id":88433,"date":"2020-06-09T12:53:00","date_gmt":"2020-06-09T16:53:00","guid":{"rendered":"https:\/\/linitiative.ca\/International\/chu-doran-reprise-des-operations-au-service-de-chirurgie-generale\/"},"modified":"2020-06-09T12:53:00","modified_gmt":"2020-06-09T16:53:00","slug":"chu-doran-reprise-des-operations-au-service-de-chirurgie-generale","status":"publish","type":"post","link":"https:\/\/linitiative.ca\/International\/chu-doran-reprise-des-operations-au-service-de-chirurgie-generale\/","title":{"rendered":"CHU D&rsquo;ORAN : Reprise  des op\u00e9rations au service de chirurgie g\u00e9n\u00e9rale"},"content":{"rendered":"<p><br id=\"sep_para_1\" class=\"sep_para access\"\/><\/p>\n<div id=\"para_1\" class=\"para_37368374 resize\">\n<div class=\"texte access firstletter\">Le service de r\u00e9habilitation fonctionnelle, avec ses 23 lits, reprendra \u00e9galement ses activit\u00e9s, tout en r\u00e9servant une partie de ses capacit\u00e9s (19 lits) pour les cas atteints du virus. Un acc\u00e8s isolant a \u00e9t\u00e9 am\u00e9nag\u00e9 \u00e0 cet effet. Les activit\u00e9s du CHUO seront reprises, l\u2019une apr\u00e8s l\u2019autre jusqu\u2019au retour complet au r\u00e9gime de \u00ab\u00a0l\u2019avant-Covid19\u00a0\u00bb, explique M. Boutouaf, notant que plusieurs param\u00e8tres sont derri\u00e8re cette baisse de pression, \u00e0 commencer par l\u2019instruction du minist\u00e8re de tutelle visant \u00e0 lib\u00e9rer les malades au bout d\u2019une dizaine de jours de traitement. Auparavant, les malades poursuivaient leur confinement apr\u00e8s la fin du traitement au niveau des \u00e9tablissements hospitaliers. Le nouveau parcours d\u2019un cas Covid19, d\u00e9fini par le minist\u00e8re de tutelle, pr\u00e9voit un s\u00e9jour d\u2019une dizaine de jours \u00e0 l\u2019h\u00f4pital et un confinement \u00e0 domicile apr\u00e8s la fin du traitement \u00e0 la chloroquine.\u00a0 Cette mesure a permis \u00e0 un grand nombre de malades de regagner leurs foyers et la lib\u00e9ration des lits au niveau du CHU. Actuellement, seule une quarantaine de malades sont hospitalis\u00e9s dans cet \u00e9tablissement. \u00ab\u00a0Le CHUO dispose, d\u00e9sormais, suffisamment d\u2019exp\u00e9rience et de recul pour g\u00e9rer la situation en toute s\u00e9r\u00e9nit\u00e9\u00a0\u00bb, souligne son premier responsable.\u00a0\u00bbNous consid\u00e9rons d\u00e9sormais le Covid19 comme toute autre maladie\u00a0\u00bb, estime M. Boutouaf, pr\u00e9cisant que les \u00e9quipes m\u00e9dicales de son \u00e9tablissement ont acquis une exp\u00e9rience en la mati\u00e8re, \u00ab\u00a0ce qui a fait disparaitre cette crainte qui taraudait certains au cours des premi\u00e8res semaines de la pand\u00e9mie\u00a0\u00bb, a-t-il indiqu\u00e9.Le m\u00eame responsable n\u2019a pas manqu\u00e9 de rappeler les r\u00e9sultats satisfaisants de son \u00e9tablissement qui, jusqu\u2019\u00e0 ce jour, a enregistr\u00e9 237 gu\u00e9risons contre un tr\u00e8s faible taux de mortalit\u00e9 depuis le d\u00e9but de la pand\u00e9mie ainsi qu\u2019un nombre tr\u00e8s r\u00e9duit de cas\u00a0 graves.<\/div>\n<\/div>\n<p>Auteur: Medjadji H.<br \/>\n<a href=\"https:\/\/www.reflexiondz.net\/CHU-D-ORAN-Reprise-des-operations-au-service-de-chirurgie-generale_a63244.html\">Cliquez ici pour lire l&rsquo;article depuis sa source.<\/a><\/p>\n","protected":false},"excerpt":{"rendered":"<p>Le service de r\u00e9habilitation fonctionnelle, avec ses 23 lits, reprendra \u00e9galement ses activit\u00e9s, tout en r\u00e9servant une partie de ses capacit\u00e9s (19 lits) pour les cas atteints du virus. Un acc\u00e8s isolant a \u00e9t\u00e9 am\u00e9nag\u00e9 \u00e0 cet effet. Les activit\u00e9s du CHUO seront reprises, l\u2019une apr\u00e8s l\u2019autre jusqu\u2019au retour complet au r\u00e9gime de \u00ab\u00a0l\u2019avant-Covid19\u00a0\u00bb, explique [&hellip;]<\/p>\n","protected":false},"author":1740,"featured_media":0,"comment_status":"closed","ping_status":"closed","sticky":false,"template":"","format":"standard","meta":{"fifu_image_url":"","fifu_image_alt":"","footnotes":""},"categories":[53,76],"tags":[],"class_list":["post-88433","post","type-post","status-publish","format-standard","hentry","category-algerie","category-regions"],"_links":{"self":[{"href":"https:\/\/linitiative.ca\/International\/wp-json\/wp\/v2\/posts\/88433","targetHints":{"allow":["GET"]}}],"collection":[{"href":"https:\/\/linitiative.ca\/International\/wp-json\/wp\/v2\/posts"}],"about":[{"href":"https:\/\/linitiative.ca\/International\/wp-json\/wp\/v2\/types\/post"}],"author":[{"embeddable":true,"href":"https:\/\/linitiative.ca\/International\/wp-json\/wp\/v2\/users\/1740"}],"replies":[{"embeddable":true,"href":"https:\/\/linitiative.ca\/International\/wp-json\/wp\/v2\/comments?post=88433"}],"version-history":[{"count":0,"href":"https:\/\/linitiative.ca\/International\/wp-json\/wp\/v2\/posts\/88433\/revisions"}],"wp:attachment":[{"href":"https:\/\/linitiative.ca\/International\/wp-json\/wp\/v2\/media?parent=88433"}],"wp:term":[{"taxonomy":"category","embeddable":true,"href":"https:\/\/linitiative.ca\/International\/wp-json\/wp\/v2\/categories?post=88433"},{"taxonomy":"post_tag","embeddable":true,"href":"https:\/\/linitiative.ca\/International\/wp-json\/wp\/v2\/tags?post=88433"}],"curies":[{"name":"wp","href":"https:\/\/api.w.org\/{rel}","templated":true}]}}