{"id":88434,"date":"2020-06-09T12:53:00","date_gmt":"2020-06-09T16:53:00","guid":{"rendered":"https:\/\/linitiative.ca\/International\/sidi-bel-abbes-une-caravane-de-sensibilisation-contre-les-incendies-des-recoltes-cerealieres\/"},"modified":"2020-06-09T12:53:00","modified_gmt":"2020-06-09T16:53:00","slug":"sidi-bel-abbes-une-caravane-de-sensibilisation-contre-les-incendies-des-recoltes-cerealieres","status":"publish","type":"post","link":"https:\/\/linitiative.ca\/International\/sidi-bel-abbes-une-caravane-de-sensibilisation-contre-les-incendies-des-recoltes-cerealieres\/","title":{"rendered":"SIDI BEL ABBES : Une caravane de sensibilisation contre les incendies des r\u00e9coltes c\u00e9r\u00e9ali\u00e8res"},"content":{"rendered":"<p><br id=\"sep_para_1\" class=\"sep_para access\"\/><\/p>\n<div id=\"para_1\" class=\"para_37368363 resize\">\n<div class=\"texte access firstletter\">En application des instructions \u00e9manant de la Direction G\u00e9n\u00e9rale (DG) de la protection civile, la direction de Sidi Bel Abb\u00e8s, \u00e0 l&rsquo;instar d&rsquo;autres wilayas de l&rsquo;Alg\u00e9rie profonde, a lanc\u00e9 ce lundi 08 juin 2020,une campagne de sensibilisation, en collaboration avec la Direction des services de l&rsquo;agriculture, la chambre d&rsquo;agriculture et la conservation des for\u00eats, une campagne de sensibilisation, apprend-on d&rsquo;une source autoris\u00e9e.\u00a0 L&rsquo;objectif de cette louable initiative repr\u00e9sent\u00e9e\u00a0 par une caravane et lanc\u00e9e d&rsquo;ores et\u00a0 d\u00e9j\u00e0\u00a0 depuis l&rsquo;exploitation agricole Si Rabeh de Sehala, Da\u00efra de Tessala ,serait de lutter contre d&rsquo;\u00e9ventuels risques d&rsquo;incendies des r\u00e9coltes c\u00e9r\u00e9ali\u00e8res. Les participants devraient sillonner la majeure partie des 52 communes de la wilaya, connues pour leur vocation agricole par excellence , notamment la c\u00e9r\u00e9aliculture. Diverses mesures n\u00e9cessaires de pr\u00e9vention seraient \u00e9dict\u00e9es par les organisateurs aux c\u00e9r\u00e9aliculteurs, conducteurs de moissonneuses batteuses, de tracteurs\u00a0 et autres travailleurs.\u00a0\u00a0\u00a0\u00a0\u00a0\u00a0\u00a0\u00a0\u00a0\u00a0\u00a0\u00a0\u00a0\u00a0\u00a0\u00a0<br \/>\u00a0<\/div>\n<\/div>\n<p>Auteur: Noui M.<br \/>\n<a href=\"https:\/\/www.reflexiondz.net\/SIDI-BEL-ABBES-Une-caravane-de-sensibilisation-contre-les-incendies-des-recoltes-cerealieres_a63243.html\">Cliquez ici pour lire l&rsquo;article depuis sa source.<\/a><\/p>\n","protected":false},"excerpt":{"rendered":"<p>En application des instructions \u00e9manant de la Direction G\u00e9n\u00e9rale (DG) de la protection civile, la direction de Sidi Bel Abb\u00e8s, \u00e0 l&rsquo;instar d&rsquo;autres wilayas de l&rsquo;Alg\u00e9rie profonde, a lanc\u00e9 ce lundi 08 juin 2020,une campagne de sensibilisation, en collaboration avec la Direction des services de l&rsquo;agriculture, la chambre d&rsquo;agriculture et la conservation des for\u00eats, une [&hellip;]<\/p>\n","protected":false},"author":1740,"featured_media":0,"comment_status":"closed","ping_status":"closed","sticky":false,"template":"","format":"standard","meta":{"fifu_image_url":"","fifu_image_alt":"","footnotes":""},"categories":[53,76],"tags":[],"class_list":["post-88434","post","type-post","status-publish","format-standard","hentry","category-algerie","category-regions"],"_links":{"self":[{"href":"https:\/\/linitiative.ca\/International\/wp-json\/wp\/v2\/posts\/88434","targetHints":{"allow":["GET"]}}],"collection":[{"href":"https:\/\/linitiative.ca\/International\/wp-json\/wp\/v2\/posts"}],"about":[{"href":"https:\/\/linitiative.ca\/International\/wp-json\/wp\/v2\/types\/post"}],"author":[{"embeddable":true,"href":"https:\/\/linitiative.ca\/International\/wp-json\/wp\/v2\/users\/1740"}],"replies":[{"embeddable":true,"href":"https:\/\/linitiative.ca\/International\/wp-json\/wp\/v2\/comments?post=88434"}],"version-history":[{"count":0,"href":"https:\/\/linitiative.ca\/International\/wp-json\/wp\/v2\/posts\/88434\/revisions"}],"wp:attachment":[{"href":"https:\/\/linitiative.ca\/International\/wp-json\/wp\/v2\/media?parent=88434"}],"wp:term":[{"taxonomy":"category","embeddable":true,"href":"https:\/\/linitiative.ca\/International\/wp-json\/wp\/v2\/categories?post=88434"},{"taxonomy":"post_tag","embeddable":true,"href":"https:\/\/linitiative.ca\/International\/wp-json\/wp\/v2\/tags?post=88434"}],"curies":[{"name":"wp","href":"https:\/\/api.w.org\/{rel}","templated":true}]}}