{"id":88435,"date":"2020-06-09T12:53:00","date_gmt":"2020-06-09T16:53:00","guid":{"rendered":"https:\/\/linitiative.ca\/International\/corniche-oranaise-les-services-de-securite-ferment-les-acces-aux-plages\/"},"modified":"2020-06-09T12:53:00","modified_gmt":"2020-06-09T16:53:00","slug":"corniche-oranaise-les-services-de-securite-ferment-les-acces-aux-plages","status":"publish","type":"post","link":"https:\/\/linitiative.ca\/International\/corniche-oranaise-les-services-de-securite-ferment-les-acces-aux-plages\/","title":{"rendered":"CORNICHE ORANAISE : Les services de s\u00e9curit\u00e9 ferment les acc\u00e8s aux plages"},"content":{"rendered":"<p><br id=\"sep_para_1\" class=\"sep_para access\"\/><\/p>\n<div id=\"para_1\" class=\"para_37368382 resize\">\n<div class=\"photo shadow left\"><a href=\"javascript:void(0)\" rel=\"https:\/\/www.reflexiondz.net\/photo\/art\/grande\/47055327-37368382.jpg?v=1591727086&amp;ibox\" title=\"CORNICHE ORANAISE : Les services de s\u00e9curit\u00e9 ferment les acc\u00e8s aux plages\"><img decoding=\"async\" class=\"responsive c9\" src=\"https:\/\/www.reflexiondz.net\/photo\/art\/grande\/47055327-37368382.jpg?v=1591727086\" alt=\"CORNICHE ORANAISE : Les services de s\u00e9curit\u00e9 ferment les acc\u00e8s aux plages\" title=\"CORNICHE ORANAISE : Les services de s\u00e9curit\u00e9 ferment les acc\u00e8s aux plages\"\/><img decoding=\"async\" class=\"not-responsive\" src=\"https:\/\/www.reflexiondz.net\/photo\/art\/default\/47055327-37368382.jpg?v=1591727087\" alt=\"CORNICHE ORANAISE : Les services de s\u00e9curit\u00e9 ferment les acc\u00e8s aux plages\" title=\"CORNICHE ORANAISE : Les services de s\u00e9curit\u00e9 ferment les acc\u00e8s aux plages\"\/><\/a><\/div>\n<div class=\"texte access firstletter\">Suite au dernier communiqu\u00e9 de la wilaya d&rsquo;Oran relatif \u00e0 l&rsquo;interdiction de l&rsquo;acc\u00e8s aux plages de la wilaya d&rsquo;Oran jusqu\u2019\u00e0 nouvel ordre et ce,\u00a0 dans le cadre des mesures de lutte contre la propagation du Covid-19, les services de s\u00e9curit\u00e9 ont proc\u00e9d\u00e9 derni\u00e8rement \u00e0 la fermeture de tous les acc\u00e8s aux plages de la wilaya. La mesure interdit l\u2019acc\u00e8s \u00e0 toutes les plages du territoire de la wilaya d&rsquo;Oran ainsi que le camping et le regroupement, pr\u00e9cise la m\u00eame source, ajoutant que cette d\u00e9cision sera appliqu\u00e9e jusqu\u2019\u00e0 l\u2019annonce officielle de l\u2019ouverture de la saison estivale 2020, apr\u00e8s que les plages eurent d\u00e9j\u00e0 drain\u00e9 des foules importantes depuis le d\u00e9but du mois de juin. Vendredi dernier, un afflux important a \u00e9t\u00e9 constat\u00e9 au niveau des plages de la Corniche , notamment celle du Grande plage des Corales, Bomo plage et\u00a0 \u00e0 Ain Turck , ce qui a n\u00e9cessit\u00e9\u00a0 l\u2019intervention des \u00e9l\u00e9ments de la police et de la gendarmerie \u00e0 plusieurs reprises pour disperser les foules. Cette mesure est en vigueur jusqu\u2019\u00e0 l\u2019annonce officielle de l\u2019ouverture de la saison estivale 2020, ce qui pourrait faire de ces espaces des foyers potentiels pour la propagation de l\u2019\u00e9pid\u00e9mie.\u00a0\u00a0\u00a0\u00a0\u00a0\u00a0\u00a0\u00a0\u00a0\u00a0\u00a0\u00a0\u00a0\u00a0\u00a0\u00a0\u00a0\u00a0\u00a0\u00a0\u00a0\u00a0\u00a0\u00a0\u00a0\u00a0\u00a0\u00a0\u00a0\u00a0\u00a0\u00a0\u00a0\u00a0\u00a0\u00a0\u00a0\u00a0<\/div>\n<\/div>\n<p>Auteur: Medjadji H.<br \/>\n<a href=\"https:\/\/www.reflexiondz.net\/CORNICHE-ORANAISE-Les-services-de-securite-ferment-les-acces-aux-plages_a63245.html\">Cliquez ici pour lire l&rsquo;article depuis sa source.<\/a><\/p>\n","protected":false},"excerpt":{"rendered":"<p>Suite au dernier communiqu\u00e9 de la wilaya d&rsquo;Oran relatif \u00e0 l&rsquo;interdiction de l&rsquo;acc\u00e8s aux plages de la wilaya d&rsquo;Oran jusqu\u2019\u00e0 nouvel ordre et ce,\u00a0 dans le cadre des mesures de lutte contre la propagation du Covid-19, les services de s\u00e9curit\u00e9 ont proc\u00e9d\u00e9 derni\u00e8rement \u00e0 la fermeture de tous les acc\u00e8s aux plages de la wilaya. [&hellip;]<\/p>\n","protected":false},"author":1740,"featured_media":0,"comment_status":"closed","ping_status":"closed","sticky":false,"template":"","format":"standard","meta":{"fifu_image_url":"","fifu_image_alt":"","footnotes":""},"categories":[53,76],"tags":[],"class_list":["post-88435","post","type-post","status-publish","format-standard","hentry","category-algerie","category-regions"],"_links":{"self":[{"href":"https:\/\/linitiative.ca\/International\/wp-json\/wp\/v2\/posts\/88435","targetHints":{"allow":["GET"]}}],"collection":[{"href":"https:\/\/linitiative.ca\/International\/wp-json\/wp\/v2\/posts"}],"about":[{"href":"https:\/\/linitiative.ca\/International\/wp-json\/wp\/v2\/types\/post"}],"author":[{"embeddable":true,"href":"https:\/\/linitiative.ca\/International\/wp-json\/wp\/v2\/users\/1740"}],"replies":[{"embeddable":true,"href":"https:\/\/linitiative.ca\/International\/wp-json\/wp\/v2\/comments?post=88435"}],"version-history":[{"count":0,"href":"https:\/\/linitiative.ca\/International\/wp-json\/wp\/v2\/posts\/88435\/revisions"}],"wp:attachment":[{"href":"https:\/\/linitiative.ca\/International\/wp-json\/wp\/v2\/media?parent=88435"}],"wp:term":[{"taxonomy":"category","embeddable":true,"href":"https:\/\/linitiative.ca\/International\/wp-json\/wp\/v2\/categories?post=88435"},{"taxonomy":"post_tag","embeddable":true,"href":"https:\/\/linitiative.ca\/International\/wp-json\/wp\/v2\/tags?post=88435"}],"curies":[{"name":"wp","href":"https:\/\/api.w.org\/{rel}","templated":true}]}}