{"id":88436,"date":"2020-06-09T12:53:00","date_gmt":"2020-06-09T16:53:00","guid":{"rendered":"https:\/\/linitiative.ca\/International\/algeriens-bloques-en-turquie-deux-vols-de-rapatriement-programmes\/"},"modified":"2020-06-09T12:53:00","modified_gmt":"2020-06-09T16:53:00","slug":"algeriens-bloques-en-turquie-deux-vols-de-rapatriement-programmes","status":"publish","type":"post","link":"https:\/\/linitiative.ca\/International\/algeriens-bloques-en-turquie-deux-vols-de-rapatriement-programmes\/","title":{"rendered":"ALGERIENS BLOQUES EN TURQUIE  : Deux vols de rapatriement programm\u00e9s"},"content":{"rendered":"<p><br id=\"sep_para_1\" class=\"sep_para access\"\/><\/p>\n<div id=\"para_1\" class=\"para_37368485 resize\">\n<div class=\"texte access firstletter\">L\u2019ambassade d\u2019Alg\u00e9rie \u00e0 Ankara a annonc\u00e9, dans un communiqu\u00e9 dat\u00e9 du 8 juin, deux vols de rapatriement au profit des Alg\u00e9riens bloqu\u00e9s en Turquie du fait de l\u2019\u00e9pid\u00e9mie du coronavirus. \u00ab Dans le cadre de l\u2019op\u00e9ration de rapatriement des ressortissants alg\u00e9riens bloqu\u00e9s en Turquie, l\u2019ambassade d\u2019Alg\u00e9rie \u00e0 Ankara porte \u00e0 la connaissance des citoyens que les autorit\u00e9s alg\u00e9riennes ont programm\u00e9 deux vos de rapatriement en provenance de l\u2019a\u00e9roport d\u2019Istanbul \u00bb, lit-on dans le communiqu\u00e9. Ces vols sont programm\u00e9s pour le jeudi 11 juin 2020 \u00e0 partir de 17h35, et le vendredi 12 juin 2020 \u00e0 partir de 16h45, pr\u00e9cise le communiqu\u00e9. Sont concern\u00e9s par ces vols, les Alg\u00e9riens non-r\u00e9sidents en Turquie, d\u00e9tenteurs de visa et d\u2019un billet de retour, inscrits sur le site d\u00e9di\u00e9 \u00e0 cet effet, ajoute le communiqu\u00e9. Les voyageurs concern\u00e9s, sont appel\u00e9s \u00e0 respecter les consignes sanitaires notamment le port du masque et le respect des mesures pr\u00e9ventives, et de signer une d\u00e9claration d\u2019acceptation de mise en quarantaine obligatoire pendant 14 jours \u00e0 leur arriv\u00e9e en Alg\u00e9rie.\u00a0\u00a0\u00a0\u00a0<\/div>\n<\/div>\n<p>Auteur: Nadine<br \/>\n<a href=\"https:\/\/www.reflexiondz.net\/ALGERIENS-BLOQUES-EN-TURQUIE-Deux-vols-de-rapatriement-programmes_a63260.html\">Cliquez ici pour lire l&rsquo;article depuis sa source.<\/a><\/p>\n","protected":false},"excerpt":{"rendered":"<p>L\u2019ambassade d\u2019Alg\u00e9rie \u00e0 Ankara a annonc\u00e9, dans un communiqu\u00e9 dat\u00e9 du 8 juin, deux vols de rapatriement au profit des Alg\u00e9riens bloqu\u00e9s en Turquie du fait de l\u2019\u00e9pid\u00e9mie du coronavirus. \u00ab Dans le cadre de l\u2019op\u00e9ration de rapatriement des ressortissants alg\u00e9riens bloqu\u00e9s en Turquie, l\u2019ambassade d\u2019Alg\u00e9rie \u00e0 Ankara porte \u00e0 la connaissance des citoyens que [&hellip;]<\/p>\n","protected":false},"author":1740,"featured_media":0,"comment_status":"closed","ping_status":"closed","sticky":false,"template":"","format":"standard","meta":{"fifu_image_url":"","fifu_image_alt":"","footnotes":""},"categories":[53,76],"tags":[],"class_list":["post-88436","post","type-post","status-publish","format-standard","hentry","category-algerie","category-regions"],"_links":{"self":[{"href":"https:\/\/linitiative.ca\/International\/wp-json\/wp\/v2\/posts\/88436","targetHints":{"allow":["GET"]}}],"collection":[{"href":"https:\/\/linitiative.ca\/International\/wp-json\/wp\/v2\/posts"}],"about":[{"href":"https:\/\/linitiative.ca\/International\/wp-json\/wp\/v2\/types\/post"}],"author":[{"embeddable":true,"href":"https:\/\/linitiative.ca\/International\/wp-json\/wp\/v2\/users\/1740"}],"replies":[{"embeddable":true,"href":"https:\/\/linitiative.ca\/International\/wp-json\/wp\/v2\/comments?post=88436"}],"version-history":[{"count":0,"href":"https:\/\/linitiative.ca\/International\/wp-json\/wp\/v2\/posts\/88436\/revisions"}],"wp:attachment":[{"href":"https:\/\/linitiative.ca\/International\/wp-json\/wp\/v2\/media?parent=88436"}],"wp:term":[{"taxonomy":"category","embeddable":true,"href":"https:\/\/linitiative.ca\/International\/wp-json\/wp\/v2\/categories?post=88436"},{"taxonomy":"post_tag","embeddable":true,"href":"https:\/\/linitiative.ca\/International\/wp-json\/wp\/v2\/tags?post=88436"}],"curies":[{"name":"wp","href":"https:\/\/api.w.org\/{rel}","templated":true}]}}