{"id":88437,"date":"2020-06-08T20:47:02","date_gmt":"2020-06-09T00:47:02","guid":{"rendered":"https:\/\/linitiative.ca\/International\/marasme-chez-les-agences-de-voyages-les-pouvoirs-publics-a-la-rescousse\/"},"modified":"2020-06-08T20:47:02","modified_gmt":"2020-06-09T00:47:02","slug":"marasme-chez-les-agences-de-voyages-les-pouvoirs-publics-a-la-rescousse","status":"publish","type":"post","link":"https:\/\/linitiative.ca\/International\/marasme-chez-les-agences-de-voyages-les-pouvoirs-publics-a-la-rescousse\/","title":{"rendered":"Marasme chez les agences de voyages : Les pouvoirs publics \u00e0 la rescousse"},"content":{"rendered":"<p>A l\u2019instar de la plupart des secteurs, celui du tourisme a subi les cons\u00e9quences de la crise sanitaire qui frappe le monde entier.\u00a0<br \/>La saison estivale semble \u00eatre compromise, surtout que dans le secteur du tourisme se sont uniquement les agences de voyages et de tourisme qui sont, jusqu\u2019\u00e0 pr\u00e9sent, autoris\u00e9es \u00e0 reprendre l\u2019activit\u00e9, au grand dam des professionnels du tourisme qui ont interpell\u00e9 les pouvoirs publics.<br \/>Ces derniers ont exprim\u00e9 leur disposition \u00e0 trouver les solutions ad\u00e9quates \u00e0 cette situation difficile.<\/p>\n<p>Rudement touch\u00e9es par le confinement, les agences de voyages ont \u00e9t\u00e9 autoris\u00e9es \u00e0 reprendre le service, dans le cadre du d\u00e9confinement partiel lanc\u00e9 par le gouvernement.<br \/>Mais cette reprise risque d\u2019\u00eatre symbolique, d\u2019autant que d\u2019autres services\u00a0\u00e9troitement li\u00e9s \u00e0\u00a0cette activit\u00e9\u00a0ne sont pas concern\u00e9s, \u00e0 l\u2019instar des h\u00f4tels. La fermeture des fronti\u00e8res constitue \u00e9galement un obstacle pour ces agences de voyage et de tourisme, qui ne peuvent compter que sur le tourisme local, dans le cas o\u00f9 les pouvoirs publics autorisent l\u2019activit\u00e9.<\/p>\n<p>Les professionnels du tourisme n\u2019ont cess\u00e9 de tirer la sonnette d\u2019alarme et ont interpell\u00e9 les autorit\u00e9s pour leur porter assistance, notamment financi\u00e8re, suite \u00e0 l\u2019arr\u00eat de l\u2019activit\u00e9 qui dure depuis pr\u00e9s de trois mois.<\/p>\n<p>Des pr\u00e9occupations qui semblent avoir trouver un \u00e9cho aupr\u00e8s de\u00a0la tutelle. Le directeur g\u00e9n\u00e9ral du Tourisme au minist\u00e8re du Tourisme, de l\u2019Artisanat et du Travail familial, Noureddine Nedri a en effet, affirm\u00e9\u00a0que toutes les propositions et les pr\u00e9occupations soulev\u00e9es par les professionnels du domaine ont \u00e9t\u00e9 prises en consid\u00e9ration et transmises au Premier minist\u00e8re. Ce dernier, pr\u00e9cise-t-il, a exprim\u00e9\u00a0\u00ab\u00a0son enti\u00e8re disposition\u00a0\u00bb \u00e0 y trouver des solutions idoines.<\/p>\n<p>Il a rappel\u00e9 que le premier minist\u00e8re avait affirm\u00e9, dans un courrier officiel adress\u00e9 au minist\u00e8re du Tourisme, avoir instruit les structures financi\u00e8res \u00e0 l\u2019effet d\u2019offrir toutes les facilitations n\u00e9cessaires aux professionnels et op\u00e9rateurs \u00e9conomiques, dont les agences de voyages affect\u00e9es par le confinement.<br \/>Citant la prise en charge de l\u2019octroi des cr\u00e9dits et l\u2019all\u00e8gement fiscal, il a indiqu\u00e9 que la tutelle a r\u00e9it\u00e9r\u00e9 son engagement \u00e0 aider les professionnels du domaine. Il est question d\u2019accompagner ces op\u00e9rateurs pour qu\u2019ils puissent relancer leurs activit\u00e9s apr\u00e8s la lev\u00e9e du confinement, et l\u2019am\u00e9lioration de leur situation financi\u00e8re, difficile en ce moment en raison de la suspension des activit\u00e9s, selon les pr\u00e9cisions du DG du tourisme.<\/p>\n<p>Il a rappel\u00e9 les rencontres tenues entre la tutelle et nombre de syndicats et f\u00e9d\u00e9rations repr\u00e9sentant les diff\u00e9rents acteurs dans le domaine, y compris les agences de voyage, dans le but d\u2019\u00e9couter leurs pr\u00e9occupations et d\u2019\u00e9valuer l\u2019impact du confinement sur leurs activit\u00e9s et revenus. Le ministre du Tourisme avait assur\u00e9 que les pr\u00e9occupations et propositions des op\u00e9rateurs du secteur \u00ab\u00a0seront \u00e9tudi\u00e9es avec le plus grand s\u00e9rieux dans le cadre du plan d\u2019action du gouvernement afin de soutenir et assister tous les op\u00e9rateurs \u00e9conomiques\u00a0\u00bb.<\/p>\n<p>Auteur: Kamel Mansari<br \/>\n<a href=\"http:\/\/www.jeune-independant.net\/Marasme-chez-les-agences-de.html\">Cliquez ici pour lire l&rsquo;article depuis sa source.<\/a><\/p>\n","protected":false},"excerpt":{"rendered":"<p>A l\u2019instar de la plupart des secteurs, celui du tourisme a subi les cons\u00e9quences de la crise sanitaire qui frappe le monde entier.\u00a0La saison estivale semble \u00eatre compromise, surtout que dans le secteur du tourisme se sont uniquement les agences de voyages et de tourisme qui sont, jusqu\u2019\u00e0 pr\u00e9sent, autoris\u00e9es \u00e0 reprendre l\u2019activit\u00e9, au grand [&hellip;]<\/p>\n","protected":false},"author":1737,"featured_media":0,"comment_status":"closed","ping_status":"closed","sticky":false,"template":"","format":"standard","meta":{"fifu_image_url":"","fifu_image_alt":"","footnotes":""},"categories":[73,53],"tags":[],"class_list":["post-88437","post","type-post","status-publish","format-standard","hentry","category-actualite","category-algerie"],"_links":{"self":[{"href":"https:\/\/linitiative.ca\/International\/wp-json\/wp\/v2\/posts\/88437","targetHints":{"allow":["GET"]}}],"collection":[{"href":"https:\/\/linitiative.ca\/International\/wp-json\/wp\/v2\/posts"}],"about":[{"href":"https:\/\/linitiative.ca\/International\/wp-json\/wp\/v2\/types\/post"}],"author":[{"embeddable":true,"href":"https:\/\/linitiative.ca\/International\/wp-json\/wp\/v2\/users\/1737"}],"replies":[{"embeddable":true,"href":"https:\/\/linitiative.ca\/International\/wp-json\/wp\/v2\/comments?post=88437"}],"version-history":[{"count":0,"href":"https:\/\/linitiative.ca\/International\/wp-json\/wp\/v2\/posts\/88437\/revisions"}],"wp:attachment":[{"href":"https:\/\/linitiative.ca\/International\/wp-json\/wp\/v2\/media?parent=88437"}],"wp:term":[{"taxonomy":"category","embeddable":true,"href":"https:\/\/linitiative.ca\/International\/wp-json\/wp\/v2\/categories?post=88437"},{"taxonomy":"post_tag","embeddable":true,"href":"https:\/\/linitiative.ca\/International\/wp-json\/wp\/v2\/tags?post=88437"}],"curies":[{"name":"wp","href":"https:\/\/api.w.org\/{rel}","templated":true}]}}