{"id":88438,"date":"2020-06-08T20:49:57","date_gmt":"2020-06-09T00:49:57","guid":{"rendered":"https:\/\/linitiative.ca\/International\/delinquance-plusieurs-arrestations-a-ghardaia\/"},"modified":"2020-06-08T20:49:57","modified_gmt":"2020-06-09T00:49:57","slug":"delinquance-plusieurs-arrestations-a-ghardaia","status":"publish","type":"post","link":"https:\/\/linitiative.ca\/International\/delinquance-plusieurs-arrestations-a-ghardaia\/","title":{"rendered":"D\u00e9linquance, plusieurs arrestations \u00e0 Gharda\u00efa"},"content":{"rendered":"<p>Un gang de cinq individus \u00e2g\u00e9s entre 19 et 25 ans a \u00e9t\u00e9 arr\u00eat\u00e9 par les services de la Brigade de recherches et d\u2019investigations BRI de la S\u00fbret\u00e9 de Gharda\u00efa.<br \/>Ces individus sans foi ni loi profitent souvent de la situation actuelle caus\u00e9e par le coronavirus et particuli\u00e8rement la fermeture de plusieurs institutions et le couvre-feu qui emp\u00eache les gens de se retrouver dehors, pour tenter de s\u2019approprier des objets de valeur de l\u2019int\u00e9rieur des maisons et des \u00e9tablissements commerciaux ferm\u00e9s.\u00a0<\/p>\n<p>Ainsi, Trois r\u00e9seaux de crime organis\u00e9 ont \u00e9t\u00e9 d\u00e9mantel\u00e9s par les \u00e9l\u00e9ments de la brigade de lutte contre le crime organis\u00e9, relevant de la police judiciaire de la S\u00fbret\u00e9 de la Wilaya de Gharda\u00efa, en collaboration avec les services de la S\u00fbret\u00e9 de la da\u00efra de Berriane avait notifi\u00e9 un communiqu\u00e9 \u00e9manant de la cellule de communication de la suret\u00e9 de Gharda\u00efa.<\/p>\n<p>Plusieurs individus \u00e2g\u00e9s entre 19 et 25 ans ont \u00e9t\u00e9 arr\u00eat\u00e9s dans le cadre de plusieurs affaires qui ont n\u00e9cessit\u00e9 des investigations approfondies afin de mettre la main\u00a0\u00e0 Berriane sur trois jeunes (20 et 23 ans) volaient des motos en falsifiant leur num\u00e9ro de s\u00e9rie avant de les vendre au march\u00e9 noir, sous forme de pi\u00e8ces d\u00e9tach\u00e9es. Dans cette affaire, les agents de l\u2019ordre ont pu r\u00e9cup\u00e9rer Neuf motos vol\u00e9es en les remettants \u00e0 leurs propri\u00e9taires.\u00a0<\/p>\n<p>En outre des maisons vides situ\u00e9es au quartier Chaabet\u2013E\u2019Nich\u00e8ne (Gharda\u00efa) qui ont fait les frais de ces pratiques de vols et n\u2019\u00e9tait-ce le civisme d\u2019autres citoyens, les propri\u00e9taires et voisins qui ont alert\u00e9 les services de s\u00e9curit\u00e9. Ainsi, des citoyens qui ont aper\u00e7u un individu (19 ans) escalader le mur d\u2019enceinte d\u2019une des maisons vide ont vite fait d\u2019alerter les services de police qui ont imm\u00e9diatement envoy\u00e9 une patrouille pour mettre fin aux agissements n\u00e9fastes de ce jeune malfaiteur qui a \u00e9t\u00e9 aussit\u00f4t arr\u00eat\u00e9 et pr\u00e9sent\u00e9 \u00e0 la Justice \u00e0 l\u2019issue de l\u2019enqu\u00eate et \u00e9cop\u00e9 de deux ans de prisons ferme.<\/p>\n<p>Au quartier Sidi-Abbaz (Ghardaia), c\u2019est un magasin de vente de portables et autres accessoires \u00e9lectroniques qui a fait objet de pillage par un individu \u00e2g\u00e9 de 25 ans.<br \/>L\u2019enqu\u00eate aussit\u00f4t enclench\u00e9e suite \u00e0 une plainte d\u00e9pos\u00e9e par le propri\u00e9taire du magasin (48ans), les policiers ont pu identifier le d\u00e9linquant, gr\u00e2ce aux empreintes AFIS, relev\u00e9es dans les lieux du cambriolage.<br \/>Suite \u00e0 une br\u00e8ve enqu\u00eate en collaboration avec le procureur de la r\u00e9publique de la Wilaya de Gharda\u00efa, les services de police ont pu appr\u00e9hender le mis en cause qui se cachait dans la commune de Zelfana situ\u00e9e \u00e0 60 Km du chef-lieu de la Wilaya de Gharda\u00efa. L\u2019individu r\u00e9cidiviste et tr\u00e8s connu des services judiciaires a \u00e9t\u00e9 plac\u00e9 sous mandat de d\u00e9p\u00f4t. Sur cette affaire, les agents de police ont pu r\u00e9cup\u00e9rer les objets vol\u00e9s compos\u00e9s\u00a0: de t\u00e9l\u00e9phones portables, des tablettes et un t\u00e9l\u00e9viseur qui se trouvaient cach\u00e9s aux alentours du lieu de l\u2019arrestation.<\/p>\n<p>Durant cette p\u00e9riode de confinement qui profite aux nombreux d\u00e9linquants, les Services du divisionnaire de la Wilaya de Gharda\u00efa, Mourad Zennati, en d\u00e9ployant efficacement un plan d\u2019action rigoureux\u00a0pour lutter fermement contre la criminalit\u00e9 sous toutes ses formes avait permis aux brigades criminelles et judicaires de la suret\u00e9 de la Wilaya de Gharda\u00efa \u00e0 mettre fin aux agissements n\u00e9fastes de plusieurs personnes contrevenant \u00e0 la loi.\u00a0<\/p>\n<p>Auteur: Kamel Mansari<br \/>\n<a href=\"http:\/\/www.jeune-independant.net\/Delinquance-plusieurs-arrestations.html\">Cliquez ici pour lire l&rsquo;article depuis sa source.<\/a><\/p>\n","protected":false},"excerpt":{"rendered":"<p>Un gang de cinq individus \u00e2g\u00e9s entre 19 et 25 ans a \u00e9t\u00e9 arr\u00eat\u00e9 par les services de la Brigade de recherches et d\u2019investigations BRI de la S\u00fbret\u00e9 de Gharda\u00efa.Ces individus sans foi ni loi profitent souvent de la situation actuelle caus\u00e9e par le coronavirus et particuli\u00e8rement la fermeture de plusieurs institutions et le couvre-feu [&hellip;]<\/p>\n","protected":false},"author":1737,"featured_media":0,"comment_status":"closed","ping_status":"closed","sticky":false,"template":"","format":"standard","meta":{"fifu_image_url":"","fifu_image_alt":"","footnotes":""},"categories":[73,53],"tags":[],"class_list":["post-88438","post","type-post","status-publish","format-standard","hentry","category-actualite","category-algerie"],"_links":{"self":[{"href":"https:\/\/linitiative.ca\/International\/wp-json\/wp\/v2\/posts\/88438","targetHints":{"allow":["GET"]}}],"collection":[{"href":"https:\/\/linitiative.ca\/International\/wp-json\/wp\/v2\/posts"}],"about":[{"href":"https:\/\/linitiative.ca\/International\/wp-json\/wp\/v2\/types\/post"}],"author":[{"embeddable":true,"href":"https:\/\/linitiative.ca\/International\/wp-json\/wp\/v2\/users\/1737"}],"replies":[{"embeddable":true,"href":"https:\/\/linitiative.ca\/International\/wp-json\/wp\/v2\/comments?post=88438"}],"version-history":[{"count":0,"href":"https:\/\/linitiative.ca\/International\/wp-json\/wp\/v2\/posts\/88438\/revisions"}],"wp:attachment":[{"href":"https:\/\/linitiative.ca\/International\/wp-json\/wp\/v2\/media?parent=88438"}],"wp:term":[{"taxonomy":"category","embeddable":true,"href":"https:\/\/linitiative.ca\/International\/wp-json\/wp\/v2\/categories?post=88438"},{"taxonomy":"post_tag","embeddable":true,"href":"https:\/\/linitiative.ca\/International\/wp-json\/wp\/v2\/tags?post=88438"}],"curies":[{"name":"wp","href":"https:\/\/api.w.org\/{rel}","templated":true}]}}