{"id":88442,"date":"2020-06-08T17:35:00","date_gmt":"2020-06-08T21:35:00","guid":{"rendered":"https:\/\/linitiative.ca\/International\/quand-la-greve-se-banalise\/"},"modified":"2020-06-08T17:35:00","modified_gmt":"2020-06-08T21:35:00","slug":"quand-la-greve-se-banalise","status":"publish","type":"post","link":"https:\/\/linitiative.ca\/International\/quand-la-greve-se-banalise\/","title":{"rendered":"Quand la gr\u00e8ve se banalise"},"content":{"rendered":"<p>Les gr\u00e8ves sectorielles <span class=\"c2\">\u00a0<\/span>et r\u00e9gionales organis\u00e9es par l\u2019Ugtt en signe de solidarit\u00e9 avec les syndicalistes arr\u00eat\u00e9s suite \u00e0 une plainte d\u00e9pos\u00e9e par le d\u00e9put\u00e9 d\u2019el Karama Mohamed Affes de la coalition d&rsquo;El Karama, se poursuivent. Nous n\u2019allons pas discuter du bien-fond\u00e9 du jugement -on ne critique pas une d\u00e9cision de justice- mais on est en droit de s\u2019interroger sur l\u2019opportunit\u00e9 de ces mouvements sociaux alors que l\u2019\u00e9conomie tunisienne est \u00e0 genoux apr\u00e8s la pand\u00e9mie du Covid-19 d&rsquo;autant plus que les victimes des gr\u00e8ves n&rsquo;ont rien voir avec ses motifs. .<span class=\"c2\">Face \u00e0 une opinion publique t\u00e9tanis\u00e9e, la centrale ouvri\u00e8re peut tout se permettre.Certes,le droit de gr\u00e8ve est inscrit dans la constitution. Mais la gr\u00e8ve est une arme de dernier recours alors qu&rsquo;elle tend \u00e0 se banaliser chez nous au point de devenir une calamit\u00e9 pour notre \u00e9conomie.<\/span>Malheureusement, il ne se trouve actuellement aucune force pour le lui dire aujourd&rsquo;hui<\/p>\n<p>Le secr\u00e9taire g\u00e9n\u00e9ral adjoint de la centrale Samir Cheffi jure ses grands dieux que le but de ces mouvements n\u2019est pas de faire pression sur la justice, mais qu&rsquo;il s&rsquo;agit juste d&rsquo;un geste de solidarit\u00e9 des travailleurs avec leurs coll\u00e8gues tout en d\u00e9clarant <span class=\"c2\">que les gr\u00e8ves se poursuivront jusqu&rsquo;\u00e0 la lib\u00e9ration des syndicalistes.Le comble c&rsquo;est que, compte tenu du rapport de forces, il y a fort \u00e0 parier que l&rsquo;Ugtt parviendra \u00e0 ses fins.<br \/><\/span><\/p>\n<p>Auteur:<br \/>\n<a href=\"https:\/\/www.leaders.com.tn\/article\/30077-quand-la-greve-se-banalise\">Cliquez ici pour lire l&rsquo;article depuis sa source.<\/a><\/p>\n","protected":false},"excerpt":{"rendered":"<p>Les gr\u00e8ves sectorielles \u00a0et r\u00e9gionales organis\u00e9es par l\u2019Ugtt en signe de solidarit\u00e9 avec les syndicalistes arr\u00eat\u00e9s suite \u00e0 une plainte d\u00e9pos\u00e9e par le d\u00e9put\u00e9 d\u2019el Karama Mohamed Affes de la coalition d&rsquo;El Karama, se poursuivent. Nous n\u2019allons pas discuter du bien-fond\u00e9 du jugement -on ne critique pas une d\u00e9cision de justice- mais on est en [&hellip;]<\/p>\n","protected":false},"author":1772,"featured_media":0,"comment_status":"closed","ping_status":"closed","sticky":false,"template":"","format":"standard","meta":{"fifu_image_url":"","fifu_image_alt":"","footnotes":""},"categories":[73,55],"tags":[],"class_list":["post-88442","post","type-post","status-publish","format-standard","hentry","category-actualite","category-tunisie"],"_links":{"self":[{"href":"https:\/\/linitiative.ca\/International\/wp-json\/wp\/v2\/posts\/88442","targetHints":{"allow":["GET"]}}],"collection":[{"href":"https:\/\/linitiative.ca\/International\/wp-json\/wp\/v2\/posts"}],"about":[{"href":"https:\/\/linitiative.ca\/International\/wp-json\/wp\/v2\/types\/post"}],"author":[{"embeddable":true,"href":"https:\/\/linitiative.ca\/International\/wp-json\/wp\/v2\/users\/1772"}],"replies":[{"embeddable":true,"href":"https:\/\/linitiative.ca\/International\/wp-json\/wp\/v2\/comments?post=88442"}],"version-history":[{"count":0,"href":"https:\/\/linitiative.ca\/International\/wp-json\/wp\/v2\/posts\/88442\/revisions"}],"wp:attachment":[{"href":"https:\/\/linitiative.ca\/International\/wp-json\/wp\/v2\/media?parent=88442"}],"wp:term":[{"taxonomy":"category","embeddable":true,"href":"https:\/\/linitiative.ca\/International\/wp-json\/wp\/v2\/categories?post=88442"},{"taxonomy":"post_tag","embeddable":true,"href":"https:\/\/linitiative.ca\/International\/wp-json\/wp\/v2\/tags?post=88442"}],"curies":[{"name":"wp","href":"https:\/\/api.w.org\/{rel}","templated":true}]}}