{"id":88449,"date":"2020-06-09T12:03:34","date_gmt":"2020-06-09T16:03:34","guid":{"rendered":"https:\/\/linitiative.ca\/International\/vrai-ou-fake-sur-la-covid-19-au-maroc-mardi-9-juin\/"},"modified":"2020-06-09T12:03:34","modified_gmt":"2020-06-09T16:03:34","slug":"vrai-ou-fake-sur-la-covid-19-au-maroc-mardi-9-juin","status":"publish","type":"post","link":"https:\/\/linitiative.ca\/International\/vrai-ou-fake-sur-la-covid-19-au-maroc-mardi-9-juin\/","title":{"rendered":"Vrai ou Fake sur la covid-19 au Maroc, mardi 9 juin"},"content":{"rendered":"<p><strong>Le Coronavirus, qui a contamin\u00e9 plus de 7 millions de personnes dans le monde, est \u00e0 l\u2019origine d\u2019un flot de Fake news relay\u00e9es par des sites d\u2019information et sur les r\u00e9seaux sociaux. La MAP fait le tri entre l\u2019intox et les bonnes informations pour une meilleure sensibilisation.<\/strong><\/p>\n<div class=\"c10\"\/>\n<p>\u2013 Surfacturation lors de l\u2019achat, par le minist\u00e8re de sant\u00e9, des tests s\u00e9rologiques du nouveau Coronavirus (Covid-19). <strong>FAKE<\/strong><\/p>\n<p>\u2013 106 nouveaux cas d\u2019infection au nouveau coronavirus (Covid-19) ont \u00e9t\u00e9 confirm\u00e9s au Maroc, portant \u00e0 8.408 le nombre total des cas de contamination. <strong>VRAI<\/strong><\/p>\n<p>\u2013 Obligation de vaccination contre le coronavirus pour les ressortissants africains souhaitant voyager en Europe. <strong>FAKE<\/strong><\/p>\n<p>\u2013 Le Maroc entamera dans 48 heures le rapatriement des Marocains bloqu\u00e9s en Espagne. <strong>VRAI<\/strong><\/p>\n<p><strong>Lire aussi|<\/strong><a href=\"https:\/\/www.challenge.ma\/coronavirus-la-region-de-casablanca-settat-se-dote-dun-laboratoire-mobile-de-depistage-143732\/\">Coronavirus: La r\u00e9gion de Casablanca-Settat se dote d\u2019un laboratoire mobile de d\u00e9pistage<\/a><\/p>\n<p>\u2013 Apr\u00e8s m\u00e9diation de l\u2019AREF, les \u00e9coles priv\u00e9es s\u2019engagent \u00e0 poursuivre les cours \u00e0 distance et \u00e0 accorder des facilit\u00e9s de paiement aux familles. <strong>VRAI<\/strong><\/p>\n<p>\u2013 \u00ab\u00a0Le plan gouvernemental de d\u00e9confinement\u00a0\u00bb et \u00ab\u00a0la strat\u00e9gie du gouvernement pour la gestion de l\u2019apr\u00e8s urgences sanitaires\u00a0\u00bb est le th\u00e8me de la s\u00e9ance mensuelle de politique g\u00e9n\u00e9rale de la chambre des repr\u00e9sentants pr\u00e9vue demain mercredi. <strong>VRAI<\/strong><\/p>\n<p>\u2013 15 cas se trouvent en r\u00e9animation ou soins intensifs, dont 08 \u00e0 Casablanca-Settat, 03 cas \u00e0 Marrakech-Safi et 04 cas \u00e0 Tanger-T\u00e9touan-Al Hoceima. <strong>VRAI<\/strong><\/p>\n<p>\u2013 Le groupe Royal Air Maroc (RAM) a mis en place un plan d\u2019aust\u00e9rit\u00e9 pour faire face aux r\u00e9percussions de la crise li\u00e9e \u00e0 la pand\u00e9mie du coronavirus. <strong>VRAI<\/strong><\/p>\n<div class=\"c17\">\n<fieldset class=\"c16\">\n<legend><strong><span class=\"c11\">Challenge<\/span><span class=\"c12\">news<\/span><\/strong><\/legend>\n<div class=\"c15\">Le meilleur de Challenge s\u00e9lectionn\u00e9 par la r\u00e9daction :<\/p>\n<\/div>\n<\/fieldset>\n<\/div>\n<p>Auteur: Hajar DARI<br \/>\n<a href=\"https:\/\/www.challenge.ma\/vrai-ou-fake-sur-la-covid-19-au-maroc-mardi-9-juin-143768\/\">Cliquez ici pour lire l&rsquo;article depuis sa source.<\/a><\/p>\n","protected":false},"excerpt":{"rendered":"<p>Le Coronavirus, qui a contamin\u00e9 plus de 7 millions de personnes dans le monde, est \u00e0 l\u2019origine d\u2019un flot de Fake news relay\u00e9es par des sites d\u2019information et sur les r\u00e9seaux sociaux. La MAP fait le tri entre l\u2019intox et les bonnes informations pour une meilleure sensibilisation. \u2013 Surfacturation lors de l\u2019achat, par le minist\u00e8re [&hellip;]<\/p>\n","protected":false},"author":1787,"featured_media":0,"comment_status":"closed","ping_status":"closed","sticky":false,"template":"","format":"standard","meta":{"fifu_image_url":"","fifu_image_alt":"","footnotes":""},"categories":[78,54],"tags":[],"class_list":["post-88449","post","type-post","status-publish","format-standard","hentry","category-economie","category-maroc"],"_links":{"self":[{"href":"https:\/\/linitiative.ca\/International\/wp-json\/wp\/v2\/posts\/88449","targetHints":{"allow":["GET"]}}],"collection":[{"href":"https:\/\/linitiative.ca\/International\/wp-json\/wp\/v2\/posts"}],"about":[{"href":"https:\/\/linitiative.ca\/International\/wp-json\/wp\/v2\/types\/post"}],"author":[{"embeddable":true,"href":"https:\/\/linitiative.ca\/International\/wp-json\/wp\/v2\/users\/1787"}],"replies":[{"embeddable":true,"href":"https:\/\/linitiative.ca\/International\/wp-json\/wp\/v2\/comments?post=88449"}],"version-history":[{"count":0,"href":"https:\/\/linitiative.ca\/International\/wp-json\/wp\/v2\/posts\/88449\/revisions"}],"wp:attachment":[{"href":"https:\/\/linitiative.ca\/International\/wp-json\/wp\/v2\/media?parent=88449"}],"wp:term":[{"taxonomy":"category","embeddable":true,"href":"https:\/\/linitiative.ca\/International\/wp-json\/wp\/v2\/categories?post=88449"},{"taxonomy":"post_tag","embeddable":true,"href":"https:\/\/linitiative.ca\/International\/wp-json\/wp\/v2\/tags?post=88449"}],"curies":[{"name":"wp","href":"https:\/\/api.w.org\/{rel}","templated":true}]}}