{"id":88450,"date":"2020-06-09T12:17:28","date_gmt":"2020-06-09T16:17:28","guid":{"rendered":"https:\/\/linitiative.ca\/International\/onda-les-details-du-plan-de-reprise-de-lactivite-des-aeroports\/"},"modified":"2020-06-09T12:17:28","modified_gmt":"2020-06-09T16:17:28","slug":"onda-les-details-du-plan-de-reprise-de-lactivite-des-aeroports","status":"publish","type":"post","link":"https:\/\/linitiative.ca\/International\/onda-les-details-du-plan-de-reprise-de-lactivite-des-aeroports\/","title":{"rendered":"ONDA : les d\u00e9tails du plan de reprise de l\u2019activit\u00e9 des a\u00e9roports"},"content":{"rendered":"<p><strong>On en sait un peu plus sur le plan de reprise de l\u2019activit\u00e9 des a\u00e9roports \u00e9tabli par l\u2019ONDA. L\u2019objectif principal de ce plan que vient de d\u00e9voiler l\u2019office est d\u2019assurer la protection des passagers et le personnel des a\u00e9roports.\u00a0<\/strong><\/p>\n<div class=\"c10\"\/>\n<p>L\u2019<strong><a href=\"http:\/\/www.onda.ma\/\">Office national des a\u00e9roports<\/a><\/strong> (ONDA) vient de d\u00e9voiler son plan de reprise de l\u2019activit\u00e9 des a\u00e9roports du Maroc.\u00a0Dans le d\u00e9tail, ce\u00a0plan de reprise est bas\u00e9 sur la gestion des risques. On apprend qu\u2019il a pour priorit\u00e9 absolue de prot\u00e9ger les passagers, le personnel et tout usager des a\u00e9roports, de restaurer la confiance de chacun et d\u2019accompagner la reprise dans les meilleures conditions.\u00a0L\u2019office pr\u00e9cise qu\u2019avec ce plan, l\u2019exp\u00e9rience passager int\u00e8gre d\u00e9sormais une <strong>nouvelle dimension<\/strong>, celle d\u2019assurer un accueil sain et rassurant et un parcours \u00ab\u00a0healthy\u00a0\u00bb dans les a\u00e9roports et ce, \u00e0 travers un dispositif r\u00e9adaptant les processus et les process de gestion a\u00e9roportuaire.\u00a0<\/p>\n<p>En ce qui concerne l\u2019<strong>exploitation a\u00e9roportuaire<\/strong> et la gestion des flux, notons que ledit dispositif porte sur l\u2019adaptation des proc\u00e9dures d\u2019exploitation aux contraintes li\u00e9es \u00e0 la gestion de la situation pand\u00e9mique pour pr\u00e9server la s\u00e9curit\u00e9 des voyageurs et la coordination avec les partenaires de l\u2019a\u00e9roport pour renforcer l\u2019effectif en charge des contr\u00f4les en vigueur (frontalier, inspection filtrage, douanier \u2026), afin de permettre l\u2019application de la distanciation sociale et d\u2019\u00e9viter ainsi les situations de saturation des espaces de contr\u00f4le.\u00a0<\/p>\n<p>Il est \u00e9galement question de mettre en place des s\u00e9parations physiques ou de plaques en plexiglas aux endroits fixes, o\u00f9 existe une interaction humaine avec les passagers tels que les comptoirs d\u2019enregistrement, les comptoirs d\u2019information, les salles d\u2019embarquement et postes aux fronti\u00e8res (D\u00e9part et Arriv\u00e9e). Le plan instaure aussi l\u2019obligation du port des gants pour certaines cat\u00e9gories de personnel en interaction avec les passagers et la restriction de l\u2019acc\u00e8s \u00e0 l\u2019a\u00e9roport aux seuls employ\u00e9s et passagers.\u00a0Les a\u00e9roports vont adopter des mesures strictes pour le maintien de la distanciation sociale au niveau de tous les espaces d\u2019accueil des passagers, en adoptant la file d\u2019attente lin\u00e9aire \u00e0 sens unique et distanci\u00e9e (acc\u00e8s aux a\u00e9rogares, comptoirs d\u2019enregistrement, postes douane, postes inspection filtrage, <strong>contr\u00f4le aux fronti\u00e8res<\/strong>, portes d\u2019embarquement, et passerelles t\u00e9lescopiques).\u00a0<\/p>\n<p>Lire aussi|<a href=\"https:\/\/www.challenge.ma\/solidarite-face-au-covid-19-encore-un-effort-messieurs-les-assureurs-143523\/\">Solidarit\u00e9 face au Covid 19 : Encore un effort, Messieurs les assureurs !<\/a><\/p>\n<p>L\u2019office pr\u00e9voit, dans ce sens, l\u2019embarquement des passagers \u00e0 pied, autant que possible, de et vers l\u2019avion, au lieu d\u2019utiliser les bus, sauf en cas de n\u00e9cessit\u00e9, pour respecter les mesures de distanciation sociale en vigueur, l\u2019utilisation des escaliers au lieu des ascenseurs, sauf en cas de n\u00e9cessit\u00e9 et la Fermeture de tous les espaces de r\u00e9union des passagers (espaces fumeurs et aires de jeux pour enfants). Des mesures de distanciation sociale sont appliqu\u00e9es au niveau de toutes les <strong>zones d\u2019attente<\/strong> de l\u2019a\u00e9roport \u00e0 travers le marquage au sol et la condamnation de deux si\u00e8ges sur le banc et espacement des si\u00e8ges, et des distributeurs de gel d\u00e9sinfectant sont install\u00e9s dans les diff\u00e9rents points de l\u2019a\u00e9roport dans le cadre de ce dispositif qui oblige les restaurants et les caf\u00e9s qui proposent des repas \u00e0 emporter \u00e0 respecter la distance entre les tables et \u00e0 \u00e9quiper leurs espaces par des distributeurs de solutions hydroalcooliques.\u00a0<\/p>\n<p>Sur le plan de sensibilisation et d\u2019information, les a\u00e9roports proc\u00e9deront \u00e0 la diffusion de messages de sensibilisation sur le respect des consignes de distanciation sociale et des gestes barri\u00e8res par le biais d\u2019annonces sonores, d\u2019\u00e9crans d\u2019affichage et de panneaux d\u2019information. Des stickers de signalisation sont marqu\u00e9s au sol tout au long du parcours du passager pour organiser les files d\u2019attente et assurer la fluidit\u00e9 dans les diff\u00e9rentes zones de l\u2019a\u00e9roport.\u00a0Pour ce qui est des op\u00e9rations de nettoyage et de d\u00e9sinfection, le plan de reprise porte sur le renforcement des op\u00e9rations de nettoyage des installations a\u00e9roportuaires, la d\u00e9sinfection intensive des installations a\u00e9roportuaires, l\u2019<strong>am\u00e9lioration<\/strong> du syst\u00e8me de purification de l\u2019air, tout en d\u00e9sinfectant et en nettoyant les \u00e9quipements de ventilation, la d\u00e9sinfection des bagages \u00e0 l\u2019aide du pulv\u00e9risateur virucide aux points d\u2019acc\u00e8s des passagers, d\u2019enregistrement et de livraison des bagages et la vente par certains commerces situ\u00e9s dans les a\u00e9roports de masques st\u00e9riles et de gels d\u00e9sinfectants en quantit\u00e9 suffisante.<\/p>\n<p>Lire aussi|<a href=\"https:\/\/www.challenge.ma\/reprise-de-lactivite-touristique-les-precisions-de-nadia-fettah-alaoui-143684\/\">Reprise de l\u2019activit\u00e9 touristique : les pr\u00e9cisions de Nadia Fettah Alaoui<\/a><\/p>\n<p>Au niveau de l\u2019alerte \u00e9pid\u00e9mique, soulignons que l\u2019ONDA pr\u00e9voit la mesure de la temp\u00e9rature corporelle des passagers avec des cam\u00e9ras thermiques install\u00e9es au niveau des espaces Arriv\u00e9es, tandis que de nouvelles cam\u00e9ras sont install\u00e9es dans les diff\u00e9rentes zones des a\u00e9roports (zones de d\u00e9barquement international, national et transit), permettant ainsi une <strong>surveillance proactive<\/strong> d\u2019\u00e9ventuels cas suspects. De m\u00eame, l\u2019Office a mis en place des circuits d\u00e9di\u00e9s pour l\u2019\u00e9vacuation des cas suspects, am\u00e9nag\u00e9 des points d\u2019isolement sanitaire pour les cas suspects, au d\u00e9part ou \u00e0 l\u2019arriv\u00e9e, en coordination avec le Minist\u00e8re de la Sant\u00e9 et install\u00e9 des circuits d\u00e9di\u00e9s pour les vols avec des cas suspects.\u00a0<\/p>\n<p>Force est de souligner que d\u00e8s le d\u00e9but de la crise sanitaire, l\u2019<strong>ONDA<\/strong> a mis en place un plan de continuit\u00e9 d\u2019activit\u00e9 des a\u00e9roports qui s\u2019est traduit par le d\u00e9ploiement de dispositifs adapt\u00e9s et le maintien sur les sites a\u00e9roportuaires des activit\u00e9s indispensables \u00e0 leur exploitation eu \u00e9gard aux divers vols de rapatriement et au fret a\u00e9rien.\u00a0En attendant le retour des voyageurs, l\u2019ONDA a mis en place ce dispositif dans les a\u00e9roports pour garantir un accueil s\u00e9curis\u00e9 et rassurant pour les passagers a\u00e9riens.<\/p>\n<p>De m\u00eame, l\u2019ONDA souligne qu\u2019il reste mobilis\u00e9 pour restaurer la confiance dans la cha\u00eene des valeurs et des services li\u00e9s au secteur du transport a\u00e9rien, en proposant une exp\u00e9rience de voyage saine et confortable dans le respect des directives des autorit\u00e9s sanitaires de notre pays.\u00a0Il est important aussi de pr\u00e9ciser que ce <strong>dispositif<\/strong> mis en place par l\u2019ONDA sera amen\u00e9 \u00e0 \u00e9voluer au regard de la situation sanitaire du royaume et de la reprise du trafic a\u00e9rien.\u00a0Ainsi, dans le but de tenir inform\u00e9s les voyageurs, on append que l\u2019ONDA met en place une page sp\u00e9ciale sur son site internet qui fournit toutes les informations sur les conditions d\u2019accueil et par la suite, sur l\u2019\u00e9volution du programme des vols et les commerces et services disponibles pendant la phase de reprise du trafic.<\/p>\n<div class=\"c17\">\n<fieldset class=\"c16\">\n<legend><strong><span class=\"c11\">Challenge<\/span><span class=\"c12\">news<\/span><\/strong><\/legend>\n<div class=\"c15\">Le meilleur de Challenge s\u00e9lectionn\u00e9 par la r\u00e9daction :<\/p>\n<\/div>\n<\/fieldset>\n<\/div>\n<p>Auteur: challenge<br \/>\n<a href=\"https:\/\/www.challenge.ma\/onda-les-details-du-plan-de-reprise-de-lactivite-des-aeroports-143778\/\">Cliquez ici pour lire l&rsquo;article depuis sa source.<\/a><\/p>\n","protected":false},"excerpt":{"rendered":"<p>On en sait un peu plus sur le plan de reprise de l\u2019activit\u00e9 des a\u00e9roports \u00e9tabli par l\u2019ONDA. L\u2019objectif principal de ce plan que vient de d\u00e9voiler l\u2019office est d\u2019assurer la protection des passagers et le personnel des a\u00e9roports.\u00a0 L\u2019Office national des a\u00e9roports (ONDA) vient de d\u00e9voiler son plan de reprise de l\u2019activit\u00e9 des a\u00e9roports [&hellip;]<\/p>\n","protected":false},"author":1787,"featured_media":0,"comment_status":"closed","ping_status":"closed","sticky":false,"template":"","format":"standard","meta":{"fifu_image_url":"","fifu_image_alt":"","footnotes":""},"categories":[78,54],"tags":[],"class_list":["post-88450","post","type-post","status-publish","format-standard","hentry","category-economie","category-maroc"],"_links":{"self":[{"href":"https:\/\/linitiative.ca\/International\/wp-json\/wp\/v2\/posts\/88450","targetHints":{"allow":["GET"]}}],"collection":[{"href":"https:\/\/linitiative.ca\/International\/wp-json\/wp\/v2\/posts"}],"about":[{"href":"https:\/\/linitiative.ca\/International\/wp-json\/wp\/v2\/types\/post"}],"author":[{"embeddable":true,"href":"https:\/\/linitiative.ca\/International\/wp-json\/wp\/v2\/users\/1787"}],"replies":[{"embeddable":true,"href":"https:\/\/linitiative.ca\/International\/wp-json\/wp\/v2\/comments?post=88450"}],"version-history":[{"count":0,"href":"https:\/\/linitiative.ca\/International\/wp-json\/wp\/v2\/posts\/88450\/revisions"}],"wp:attachment":[{"href":"https:\/\/linitiative.ca\/International\/wp-json\/wp\/v2\/media?parent=88450"}],"wp:term":[{"taxonomy":"category","embeddable":true,"href":"https:\/\/linitiative.ca\/International\/wp-json\/wp\/v2\/categories?post=88450"},{"taxonomy":"post_tag","embeddable":true,"href":"https:\/\/linitiative.ca\/International\/wp-json\/wp\/v2\/tags?post=88450"}],"curies":[{"name":"wp","href":"https:\/\/api.w.org\/{rel}","templated":true}]}}