{"id":88452,"date":"2020-06-09T15:37:35","date_gmt":"2020-06-09T19:37:35","guid":{"rendered":"https:\/\/linitiative.ca\/International\/rapatriement-des-marocains-bloques-a-letranger-ils-arrivent-despagnepour-linstant\/"},"modified":"2020-06-09T15:37:35","modified_gmt":"2020-06-09T19:37:35","slug":"rapatriement-des-marocains-bloques-a-letranger-ils-arrivent-despagnepour-linstant","status":"publish","type":"post","link":"https:\/\/linitiative.ca\/International\/rapatriement-des-marocains-bloques-a-letranger-ils-arrivent-despagnepour-linstant\/","title":{"rendered":"Rapatriement des Marocains bloqu\u00e9s \u00e0 l\u2019\u00e9tranger : ils arrivent d\u2019Espagne\u2026pour l\u2019instant !"},"content":{"rendered":"<p><strong>L\u2019\u00e9tau se desserre petit \u00e0 petit s\u2019agissant des Marocains bloqu\u00e9s \u00e0 l\u2019\u00e9tranger\u00a0! En effet, le Maroc va proc\u00e9der dans les 48 heures \u00e0 venir au leur rapatriement, tout au moins ceux qui sont bloqu\u00e9s actuellement en Espagne. C\u2019est ce que vient d\u2019annoncer au Parlement en ce 9 juin 2020 Nasser Bourita, ministre des Affaires \u00e9trang\u00e8res, de la Coop\u00e9ration africaine et des Marocains r\u00e9sidant \u00e0 l\u2019\u00e9tranger. Toujours selon ce dernier, de nouvelles vagues de retour en provenance de<\/strong> <strong>la Turquie, des pays du Golfe, de certains pays d\u2019Afrique sont d\u2019ores et d\u00e9j\u00e0 programm\u00e9es dans les jours \u00e0 venir. Il semble bien \u00e9galement, selon nos sources, que le<\/strong> <strong>rapatriement des marocains bloqu\u00e9s en France pourrait s\u2019effectuer \u00e0 compter de la semaine prochaine.<\/strong> <strong>Quoi qu\u2019il en soit, certains d\u2019entre eux qui ne tarderont pas \u00e0 arriver d\u2019Espagne dans les heures qui viennent, nous ont fait part aussi bien de leur joie de regagner leur pays natal, que de leur d\u00e9sarroi \u00e0 se retrouver bloqu\u00e9 en terre \u00e9trang\u00e8re.<\/strong><\/p>\n<div class=\"c10\"\/>\n<p>Si les moyens logistiques qui ont \u00e9t\u00e9 affr\u00e9t\u00e9s pour effectuer ce rapatriement n\u2019ont pas encore \u00e9t\u00e9 d\u00e9voil\u00e9s de fa\u00e7on pr\u00e9cise pour l\u2019instant, tout laisse \u00e0 penser que les Marocains en provenance d\u2019Espagne fouleront le sol national le 10 juin en fin d\u2019apr\u00e8s-midi au plus t\u00f4t, voire le 11 ou le 12 juin au plus tard. Il va sans dire que les gestes barri\u00e8res et autre respect de la distanciation sociale seront prioritairement mis en place \u00e0 bord des avions allou\u00e9s \u00e0 ces rapatriements qui, pour l\u2019occasion, seront remplis au 2\/3. \u00a0\u00a0<\/p>\n<p>Le ministre, r\u00e9pondant \u00e0 une question orale \u00e0 la Chambre des conseillers, s\u2019est voulu plus explicite sur cette nouvelle vague de retour. Il a en effet pr\u00e9cis\u00e9 que la priorit\u00e9 sera accord\u00e9e aux ressortissants marocains localis\u00e9s dans le sud de l\u2019Espagne, plus particuli\u00e8rement \u00e0 Alg\u00e9siras, avant d\u2019\u00e9largir le p\u00e9rim\u00e8tre \u00e0 la r\u00e9gion de Catalogne, au Pays basque et \u00e0 Madrid, la capitale du pays.<\/p>\n<p>Plus globalement, la priorit\u00e9 sera donn\u00e9e aux personnes disposant de visas de courte dur\u00e9e. Par ailleurs, les ressortissants qui font \u00e9tat d\u2019une situation financi\u00e8re d\u00e9licate, au m\u00eame titre que ceux qui attestent de probl\u00e8mes de sant\u00e9, seront rapatri\u00e9s en priorit\u00e9. Toujours selon M. Bourita, ces rapatriements seront \u00e0 la charge de l\u2019\u00c9tat. Il va sans dire que toutes les mesures de s\u00e9curit\u00e9 sanitaire ont d\u2019ores et d\u00e9j\u00e0 \u00e9t\u00e9 mise en place dans le Royaume pour accueillir nos compatriotes qui devront se soumettre d\u00e8s leur arriv\u00e9e \u00e0 une batterie de pr\u00e9cautions sanitaires et \u00e0 un confinement obligatoire durant plusieurs jours, avant de regagner leurs foyers.\u00a0<\/p>\n<p>Certains Marocains bloqu\u00e9s \u00e0 Alg\u00e9siras et que nous avons pu joindre par t\u00e9l\u00e9phone nous ont fait part de leur soulagement \u00e0 regagner la m\u00e8re patrie. <em><strong>\u00ab<\/strong>Il y avait un manque de communication flagrant et \u00e9norme de la part de notre gouvernement\u00bb<\/em>, nous a laiss\u00e9 entendre l\u2019un de nos interlocuteurs, originaire de Rabat. Il pr\u00e9cise\u00a0:\u00a0<em>\u00abnous sommes rest\u00e9s bloqu\u00e9s d\u00e8s la fermeture des fronti\u00e8res terrestres et a\u00e9riennes entre le Maroc et L\u2019Espagne. Nous \u00e9tions d\u00e9sempar\u00e9s et avons perdu toute confiance quant \u00e0 la possibilit\u00e9 de regagner notre pays. Je vous le dirai tr\u00e8s clairement que nous nous sommes sentis abandonn\u00e9s\u00bb,<\/em> mart\u00e8le ce m\u00eame interlocuteur.<\/p>\n<p><strong>Lire aussi |<\/strong> <strong><a href=\"https:\/\/www.challenge.ma\/confinement-ce-que-pourrait-annoncer-el-othmani-143713\/\">D\u00e9confinement : ce que pourrait annoncer El Otmani<\/a><\/strong><\/p>\n<p>L\u2019un de ses proches qui souhaite lui aussi nous livrer son ressenti laisse \u00e9clater au bout du fil le m\u00eame sentiment de d\u00e9sespoir \u00e0 ceci pr\u00e8s qu\u2019il ajoute\u00a0: <em>\u00abnous \u00e9tions atterr\u00e9 d\u2019entendre dire que deux vols sp\u00e9ciaux avaient \u00e9t\u00e9 affr\u00e9t\u00e9, il y a quelques jours, notamment pour des cadres d\u2019un grand constructeur automobile install\u00e9 au Maroc. Nous ne parvenions pas \u00e0 comprendre comment cela \u00e9tait-il possible\u00bb,<\/em> ajoute-t-il. <em>\u00a0\u00a0<\/em><\/p>\n<p>Contrastant avec ce sentiment d\u2019\u00e9c\u0153urement, quelques actions de solidarit\u00e9 et d\u2019humanit\u00e9 sont venues leur mettre un peu de baume au c\u0153ur<em>. \u00abNous avons \u00e9t\u00e9 pris en charge par le Consulat\u00a0g\u00e9n\u00e9ral du\u00a0Maroc\u00a0\u00e1\u00a0Alg\u00e9siras et nous avons pu compter sur le soutien sans faille de notre Consulat qui, fort heureusement, a toujours \u00e9t\u00e9 \u00e0 notre \u00e9coute et \u00e0 la disposition de tous nos concitoyens\u00bb,<\/em> nous pr\u00e9cise au t\u00e9l\u00e9phone une interlocutrice originaire de Casablanca. Elle conclut\u00a0:\u00a0<em>\u00abnous avons pu b\u00e9n\u00e9ficier fort heureusement du g\u00eete et du couvert et restions en contact fr\u00e9quent avec nos familles. Croyez-moi que toutes ses petites attentions nous ont vraiment aid\u00e9s \u00e0 surmonter notre col\u00e8re et notre d\u00e9sarroi dans ce contexte difficile et p\u00e9nible. Rendez-vous compte, nous sommes seulement \u00e0 quelques kilom\u00e8tres de Tanger\u00a0! Nous voyons passer les camions en provenance d\u2019Espagne et qui se rendent chez nous\u2026C\u2019est tr\u00e8s difficile \u00e0 supporter\u00bb. \u00a0<\/em><\/p>\n<p>Faut-il pr\u00e9ciser que la voix des Marocains bloqu\u00e9s \u00e0 l\u2019\u00e9tranger s\u2019est bel et bien fait entendre par de multiples relais de communication, notamment via les r\u00e9seaux sociaux. Nombreuses ont \u00e9t\u00e9 \u00e9galement les p\u00e9titions en ligne interpellant notamment Saad Dine El Otmani, le Chef du Gouvernement, lui demandant de proc\u00e9der au rapatriement imm\u00e9diat des Marocains contraint de rester \u00e0 l\u2019\u00e9tranger. \u00a0<\/p>\n<p>Toujours est-il que la phase rapatriement, bien qu\u2019elle s\u2019effectue au compte-goutte, a \u00e9t\u00e9 amorc\u00e9e le 15 mai dernier avec Melilla, puis le 22 mai en provenance de Sebta, soit un peu moins de 500 personnes. Le 30 mai et le 4 juin dernier, c\u2019eut \u00e9t\u00e9 au tour de nos compatriotes d\u2019\u00eatre rapatri\u00e9s d\u2019Alger, d\u2019Oran, et de Sidi Bel Abb\u00e8s, soit un peu plus de 600 personnes.<\/p>\n<div class=\"c17\">\n<fieldset class=\"c16\">\n<legend><strong><span class=\"c11\">Challenge<\/span><span class=\"c12\">news<\/span><\/strong><\/legend>\n<div class=\"c15\">Le meilleur de Challenge s\u00e9lectionn\u00e9 par la r\u00e9daction :<\/p>\n<\/div>\n<\/fieldset>\n<\/div>\n<p>Auteur: David J\u00e9r\u00e9mie<br \/>\n<a href=\"https:\/\/www.challenge.ma\/rapatriement-des-marocains-bloques-a-letranger-ils-arrivent-despagnepour-linstant-143833\/\">Cliquez ici pour lire l&rsquo;article depuis sa source.<\/a><\/p>\n","protected":false},"excerpt":{"rendered":"<p>L\u2019\u00e9tau se desserre petit \u00e0 petit s\u2019agissant des Marocains bloqu\u00e9s \u00e0 l\u2019\u00e9tranger\u00a0! En effet, le Maroc va proc\u00e9der dans les 48 heures \u00e0 venir au leur rapatriement, tout au moins ceux qui sont bloqu\u00e9s actuellement en Espagne. C\u2019est ce que vient d\u2019annoncer au Parlement en ce 9 juin 2020 Nasser Bourita, ministre des Affaires \u00e9trang\u00e8res, [&hellip;]<\/p>\n","protected":false},"author":1787,"featured_media":0,"comment_status":"closed","ping_status":"closed","sticky":false,"template":"","format":"standard","meta":{"fifu_image_url":"","fifu_image_alt":"","footnotes":""},"categories":[78,54],"tags":[],"class_list":["post-88452","post","type-post","status-publish","format-standard","hentry","category-economie","category-maroc"],"_links":{"self":[{"href":"https:\/\/linitiative.ca\/International\/wp-json\/wp\/v2\/posts\/88452","targetHints":{"allow":["GET"]}}],"collection":[{"href":"https:\/\/linitiative.ca\/International\/wp-json\/wp\/v2\/posts"}],"about":[{"href":"https:\/\/linitiative.ca\/International\/wp-json\/wp\/v2\/types\/post"}],"author":[{"embeddable":true,"href":"https:\/\/linitiative.ca\/International\/wp-json\/wp\/v2\/users\/1787"}],"replies":[{"embeddable":true,"href":"https:\/\/linitiative.ca\/International\/wp-json\/wp\/v2\/comments?post=88452"}],"version-history":[{"count":0,"href":"https:\/\/linitiative.ca\/International\/wp-json\/wp\/v2\/posts\/88452\/revisions"}],"wp:attachment":[{"href":"https:\/\/linitiative.ca\/International\/wp-json\/wp\/v2\/media?parent=88452"}],"wp:term":[{"taxonomy":"category","embeddable":true,"href":"https:\/\/linitiative.ca\/International\/wp-json\/wp\/v2\/categories?post=88452"},{"taxonomy":"post_tag","embeddable":true,"href":"https:\/\/linitiative.ca\/International\/wp-json\/wp\/v2\/tags?post=88452"}],"curies":[{"name":"wp","href":"https:\/\/api.w.org\/{rel}","templated":true}]}}