{"id":88479,"date":"2020-06-09T17:18:09","date_gmt":"2020-06-09T21:18:09","guid":{"rendered":"https:\/\/linitiative.ca\/International\/le-maroc-prolonge-jusquau-10-juillet-letat-durgence-sanitaire\/"},"modified":"2020-06-09T17:18:09","modified_gmt":"2020-06-09T21:18:09","slug":"le-maroc-prolonge-jusquau-10-juillet-letat-durgence-sanitaire","status":"publish","type":"post","link":"https:\/\/linitiative.ca\/International\/le-maroc-prolonge-jusquau-10-juillet-letat-durgence-sanitaire\/","title":{"rendered":"Le Maroc prolonge jusqu\u2019au 10 juillet l\u2019\u00e9tat d\u2019urgence sanitaire"},"content":{"rendered":"<div readability=\"32\">\n<p>Publi\u00e9 le 09.06.2020 \u00e0 22h18 par APA News<\/p>\n<\/div>\n<div readability=\"70\">\n<p>Le gouvernement marocain a d\u00e9cid\u00e9 de prolonger jusqu\u2019au 10 juiller prochain l\u2019\u00e9tat d\u2019urgence sanitaire avec all\u00e8gement progressif des mesures de confinement en fonction de l\u2019\u00e9tat d\u2019\u00e9volution du coronavirus propre \u00e0 chacune des provinces du royaume.La prolongation de l\u2019\u00e9tat d\u2019urgence sanitaire est un dispositif normal en cette p\u00e9riode de pand\u00e9mie. Il s\u2019agit d\u2019un ensemble de r\u00e8gles limitant la libert\u00e9 de d\u00e9placement, la libert\u00e9 de r\u00e9union, y compris la limitation de la circulation entre villes et r\u00e9gions et la libert\u00e9 de rassemblement. Il impose imp\u00e9rativement le port du masque et la distanciation physique.<\/p>\n<p>Le projet de d\u00e9cret portant prolongation de l\u2019\u00e9tat d\u2019urgence sanitaire au Maroc, pr\u00e9sent\u00e9 par le ministre de l\u2019int\u00e9rieur a \u00e9t\u00e9 adopt\u00e9 \u00a0par les membres du gouvernement, r\u00e9unis en conseil sous la pr\u00e9sidence du chef de gouvernement, Saad Eddine El Otmani<\/p>\n<p>Ce texte habilite \u00e9galement le ministre de l\u2019int\u00e9rieur \u00e0 prendre, \u00e0 la lumi\u00e8re des donn\u00e9es disponibles sur la situation \u00e9pid\u00e9miologique du pays, toute mesure qu\u2019il jugera ad\u00e9quate pour un all\u00e8gement des restrictions dans la perspective d\u2019un d\u00e9confinement \u00a0progressif.<\/p>\n<p>Il autorise en outre les gouverneurs \u00e0 d\u00e9ployer des mesures du m\u00eame genre au niveau des pr\u00e9fectures, provinces et communes du royaume.<\/p>\n<p>Le Maroc a pris une s\u00e9rie de mesures drastiques pour enrayer la propagation du coronavirus. Ainsi, un \u00e9tat d\u2019urgence sanitaire a \u00e9t\u00e9 d\u00e9cr\u00e9t\u00e9 depuis le 20 mars et prorog\u00e9 deux fois jusqu\u2019au 10 juin courant.<\/p>\n<p>Les autorit\u00e9s publiques ont \u00e9galement d\u00e9cr\u00e9t\u00e9 un couvre-feu nocturne, de 19H00 \u00e0 5H00, \u00e0 partir du 25 avril dernier.<\/p>\n<p>A ce jour, le Maroc a enregistr\u00e9 8437, dont 210 d\u00e9c\u00e8s et 7493 patients gu\u00e9ris enti\u00e8rement du virus, soit plus de 88% du total des cas de contamination.<\/p>\n<\/div>\n<p>Auteur: APA News<br \/>\n<a href=\"https:\/\/www.journalducameroun.com\/le-maroc-prolonge-jusquau-10-juillet-letat-durgence-sanitaire\/\">Cliquez ici pour lire l&rsquo;article depuis sa source.<\/a><\/p>\n","protected":false},"excerpt":{"rendered":"<p>Publi\u00e9 le 09.06.2020 \u00e0 22h18 par APA News Le gouvernement marocain a d\u00e9cid\u00e9 de prolonger jusqu\u2019au 10 juiller prochain l\u2019\u00e9tat d\u2019urgence sanitaire avec all\u00e8gement progressif des mesures de confinement en fonction de l\u2019\u00e9tat d\u2019\u00e9volution du coronavirus propre \u00e0 chacune des provinces du royaume.La prolongation de l\u2019\u00e9tat d\u2019urgence sanitaire est un dispositif normal en cette p\u00e9riode [&hellip;]<\/p>\n","protected":false},"author":1965,"featured_media":0,"comment_status":"closed","ping_status":"closed","sticky":false,"template":"","format":"standard","meta":{"fifu_image_url":"","fifu_image_alt":"","footnotes":""},"categories":[73,82],"tags":[],"class_list":["post-88479","post","type-post","status-publish","format-standard","hentry","category-actualite","category-cameroun"],"_links":{"self":[{"href":"https:\/\/linitiative.ca\/International\/wp-json\/wp\/v2\/posts\/88479","targetHints":{"allow":["GET"]}}],"collection":[{"href":"https:\/\/linitiative.ca\/International\/wp-json\/wp\/v2\/posts"}],"about":[{"href":"https:\/\/linitiative.ca\/International\/wp-json\/wp\/v2\/types\/post"}],"author":[{"embeddable":true,"href":"https:\/\/linitiative.ca\/International\/wp-json\/wp\/v2\/users\/1965"}],"replies":[{"embeddable":true,"href":"https:\/\/linitiative.ca\/International\/wp-json\/wp\/v2\/comments?post=88479"}],"version-history":[{"count":0,"href":"https:\/\/linitiative.ca\/International\/wp-json\/wp\/v2\/posts\/88479\/revisions"}],"wp:attachment":[{"href":"https:\/\/linitiative.ca\/International\/wp-json\/wp\/v2\/media?parent=88479"}],"wp:term":[{"taxonomy":"category","embeddable":true,"href":"https:\/\/linitiative.ca\/International\/wp-json\/wp\/v2\/categories?post=88479"},{"taxonomy":"post_tag","embeddable":true,"href":"https:\/\/linitiative.ca\/International\/wp-json\/wp\/v2\/tags?post=88479"}],"curies":[{"name":"wp","href":"https:\/\/api.w.org\/{rel}","templated":true}]}}