{"id":88480,"date":"2020-06-09T17:18:11","date_gmt":"2020-06-09T21:18:11","guid":{"rendered":"https:\/\/linitiative.ca\/International\/le-malawi-organise-une-nouvelle-presidentielle-le-23-juin\/"},"modified":"2020-06-09T17:18:11","modified_gmt":"2020-06-09T21:18:11","slug":"le-malawi-organise-une-nouvelle-presidentielle-le-23-juin","status":"publish","type":"post","link":"https:\/\/linitiative.ca\/International\/le-malawi-organise-une-nouvelle-presidentielle-le-23-juin\/","title":{"rendered":"Le Malawi organise une nouvelle pr\u00e9sidentielle le 23 juin"},"content":{"rendered":"<div readability=\"32\">\n<p>Publi\u00e9 le 09.06.2020 \u00e0 22h18 par APA News<\/p>\n<\/div>\n<div readability=\"55\">\n<p>Le Parlement du Malawi a retenu mardi la date du 23 juin pour l\u2019organisation d\u2019une nouvelle \u00e9lection pr\u00e9sidentielle, mettant ainsi fin \u00e0 des semaines de doute sur un scrutin consid\u00e9r\u00e9 comme gage de stabilit\u00e9 dans ce pays d\u2019Afrique australe.<\/p>\n<p>Les d\u00e9put\u00e9s ont vot\u00e9 une motion portant sur une nouvelle \u00e9lection pr\u00e9vue le mois courant au lieu de la date du 2 juillet initialement pr\u00e9vue.<\/p>\n<p>\u00a0La motion a \u00e9t\u00e9 finalement adopt\u00e9e, malgr\u00e9 les manifestations des d\u00e9put\u00e9s du parti au pouvoir, Democratic Progressive Party, qui souhaitaient que le scrutin se tienne en juillet comme annonc\u00e9 pr\u00e9c\u00e9demment par la Commission \u00e9lectorale nationale.<\/p>\n<p>\u00a0En f\u00e9vrier dernier, la Cour constitutionnelle avait ordonn\u00e9 l\u2019organisation d\u2019une nouvelle pr\u00e9sidentielle suite \u00e0 une requ\u00eate de l\u2019opposition aux fins d\u2019annulation des r\u00e9sultats du scrutin de mai 2019 pour cause d\u2019\u00abirr\u00e9gularit\u00e9s \u00bb.<\/p>\n<p>Le Pr\u00e9sident sortant Peter Mutharika en d\u00e9coudra avec le candidat de l\u2019opposition Lazarus Chakwera qui s\u2019est alli\u00e9 avec le vice-pr\u00e9sident Saulos Chilima pour remporter l\u2019\u00e9lection.<\/p>\n<p>Saulos Chilima qui s\u2019est embrouill\u00e9 avec son ancien mentor sera donc le colistier de Chakwera.<\/p>\n<\/div>\n<p>Auteur: APA News<br \/>\n<a href=\"https:\/\/www.journalducameroun.com\/le-malawi-organise-une-nouvelle-presidentielle-le-23-juin\/\">Cliquez ici pour lire l&rsquo;article depuis sa source.<\/a><\/p>\n","protected":false},"excerpt":{"rendered":"<p>Publi\u00e9 le 09.06.2020 \u00e0 22h18 par APA News Le Parlement du Malawi a retenu mardi la date du 23 juin pour l\u2019organisation d\u2019une nouvelle \u00e9lection pr\u00e9sidentielle, mettant ainsi fin \u00e0 des semaines de doute sur un scrutin consid\u00e9r\u00e9 comme gage de stabilit\u00e9 dans ce pays d\u2019Afrique australe. Les d\u00e9put\u00e9s ont vot\u00e9 une motion portant sur [&hellip;]<\/p>\n","protected":false},"author":1965,"featured_media":0,"comment_status":"closed","ping_status":"closed","sticky":false,"template":"","format":"standard","meta":{"fifu_image_url":"","fifu_image_alt":"","footnotes":""},"categories":[73,82],"tags":[],"class_list":["post-88480","post","type-post","status-publish","format-standard","hentry","category-actualite","category-cameroun"],"_links":{"self":[{"href":"https:\/\/linitiative.ca\/International\/wp-json\/wp\/v2\/posts\/88480","targetHints":{"allow":["GET"]}}],"collection":[{"href":"https:\/\/linitiative.ca\/International\/wp-json\/wp\/v2\/posts"}],"about":[{"href":"https:\/\/linitiative.ca\/International\/wp-json\/wp\/v2\/types\/post"}],"author":[{"embeddable":true,"href":"https:\/\/linitiative.ca\/International\/wp-json\/wp\/v2\/users\/1965"}],"replies":[{"embeddable":true,"href":"https:\/\/linitiative.ca\/International\/wp-json\/wp\/v2\/comments?post=88480"}],"version-history":[{"count":0,"href":"https:\/\/linitiative.ca\/International\/wp-json\/wp\/v2\/posts\/88480\/revisions"}],"wp:attachment":[{"href":"https:\/\/linitiative.ca\/International\/wp-json\/wp\/v2\/media?parent=88480"}],"wp:term":[{"taxonomy":"category","embeddable":true,"href":"https:\/\/linitiative.ca\/International\/wp-json\/wp\/v2\/categories?post=88480"},{"taxonomy":"post_tag","embeddable":true,"href":"https:\/\/linitiative.ca\/International\/wp-json\/wp\/v2\/tags?post=88480"}],"curies":[{"name":"wp","href":"https:\/\/api.w.org\/{rel}","templated":true}]}}