{"id":88481,"date":"2020-06-10T09:00:52","date_gmt":"2020-06-10T13:00:52","guid":{"rendered":"https:\/\/linitiative.ca\/International\/tanger-installation-dune-nouvelle-generation-de-radars\/"},"modified":"2020-06-10T09:00:52","modified_gmt":"2020-06-10T13:00:52","slug":"tanger-installation-dune-nouvelle-generation-de-radars","status":"publish","type":"post","link":"https:\/\/linitiative.ca\/International\/tanger-installation-dune-nouvelle-generation-de-radars\/","title":{"rendered":"Tanger : Installation d\u2019une nouvelle g\u00e9n\u00e9ration de radars"},"content":{"rendered":"<header>\n<\/header>\n<div class=\"entry-content clearfix\" readability=\"67\"><img decoding=\"async\" class=\"post_layout_5_img\" src=\"http:\/\/aujourdhui.ma\/wp-content\/uploads\/2020\/06\/radar.jpg\" alt=\"Tanger : Installation d&#x2019;une nouvelle g&#xE9;n&#xE9;ration de radars\"\/><\/p>\n<p><span class=\"c6\"><strong><span class=\"c5\">Pour am\u00e9liorer les indicateurs de s\u00e9curit\u00e9 routi\u00e8re en milieu urbain<\/span><\/strong><\/span> <span id=\"more-347165\"\/><\/p>\n<p>La ville du d\u00e9troit poursuit le d\u00e9ploiement de son syst\u00e8me de contr\u00f4le automatis\u00e9 sur son territoire routier. A cet effet, elle vient de conna\u00eetre l\u2019installation d\u2019une nouvelle g\u00e9n\u00e9ration de radars pour surveiller les infractions routi\u00e8res. Lanc\u00e9e par la Direction r\u00e9gionale de l\u2019\u00e9quipement, du transport et de la logistique en coordination avec la commune de Tanger, l\u2019op\u00e9ration d\u2019installation de ces nouveaux radars intervient dans le cadre de \u00abla strat\u00e9gie nationale de la s\u00e9curit\u00e9 routi\u00e8re 2017-2026 visant \u00e0 renforcer le contr\u00f4le automatis\u00e9 des infractions au code de la route en milieu urbain et pour garantir la r\u00e9ussite de ce nouveau chantier qui aura un impact majeur sur l\u2019am\u00e9lioration des indicateurs de s\u00e9curit\u00e9 routi\u00e8re aux niveaux national et local\u00bb, selon un communiqu\u00e9 \u00e9mis derni\u00e8rement par la commune de Tanger.<\/p>\n<p>Apr\u00e8s l\u2019\u00e9tude de sp\u00e9cificit\u00e9 du trafic routier dans les diff\u00e9rents boulevards et art\u00e8res de la ville, le choix a \u00e9t\u00e9 port\u00e9 sur deux types de radars : le premier consiste \u00e0 surveiller le respect des feux de signalisation et le deuxi\u00e8me pour contr\u00f4ler la vitesse en milieu urbain. Le d\u00e9ploiement de ce nouveau r\u00e9seau d\u2019appareils de contr\u00f4le automatis\u00e9 vient accompagner une s\u00e9rie de programmes et de conventions conclues dans le cadre des efforts consentis pour am\u00e9liorer la s\u00e9curit\u00e9 routi\u00e8re dans les quatre coins de la ville du d\u00e9troit.<\/p>\n<p><a href=\"https:http:\/\/aujourdhui.ma\/wp-content\/uploads\/2020\/06\/radar.jpg\"><img loading=\"lazy\" decoding=\"async\" class=\"size-full wp-image-347167 aligncenter\" src=\"http:\/\/aujourdhui.ma\/wp-content\/uploads\/2020\/06\/radar.jpg\" alt=\"\" width=\"746\" height=\"380\" srcset=\"http:\/\/aujourdhui.ma\/wp-content\/uploads\/2020\/06\/radar.jpg 746w, \/\/aujourdhui.ma\/wp-content\/uploads\/2020\/06\/radar-300x153.jpg 300w, \/\/aujourdhui.ma\/wp-content\/uploads\/2020\/06\/radar-274x140.jpg 274w, \/\/aujourdhui.ma\/wp-content\/uploads\/2020\/06\/radar-165x84.jpg 165w, \/\/aujourdhui.ma\/wp-content\/uploads\/2020\/06\/radar-702x358.jpg 702w\" sizes=\"auto, (max-width: 746px) 100vw, 746px\"\/><\/a><\/p>\n<p>Concernant les radars fixes de contr\u00f4le du respect du feu de circulation, ils ont \u00e9t\u00e9 install\u00e9s \u00e0 l\u2019Avenue des Forces Arm\u00e9es Royales (en direction de la place de la Ligue Arabe), \u00e0 l\u2019Avenue Habib Bourguiba (vers la Place du Kowe\u00eft), \u00e0 la sortie de la route nationale n\u00b02 (route de T\u00e9touan) et \u00e0 l\u2019Avenue Moulay Youssef (vers la place de la Ligue arabe) et \u00e0 l\u2019Avenue Moulay Rachid. Alors que l\u2019entr\u00e9e en service du second type de radars (de contr\u00f4le de la vitesse) a concern\u00e9 l\u2019autre partie de l\u2019Avenue des FAR (au niveau du rond-point Al Irfane vers la sortie du rond-point de l\u2019a\u00e9roport). Il a \u00e9galement b\u00e9n\u00e9fici\u00e9 \u00e0 d\u2019autres axes urbains situ\u00e9s entre le rond-point du grand stade en direction de l\u2019entr\u00e9e du rond-point de McDonald\u2019s, au niveau du pont Dchar Bendibane en direction de l\u2019entr\u00e9e du pont Al Boughaz et sur la route de la plage Merkala, ainsi qu\u2019au niveau de l\u2019Avenue Moulay Rachid et de l\u2019Avenue Mohammed VI.<\/p>\n<p>Notons que le choix des art\u00e8res routi\u00e8res pour l\u2019installation de ces deux nouveaux types de radars a \u00e9t\u00e9 fait par d\u00e9cision communale relative \u00e0 l\u2019identification des points noirs pour les automobilistes, les deux-roues et les pi\u00e9tons en milieu urbain, et ce \u00e0 l\u2019issue d\u2019une r\u00e9union tenue autour de ce dossier entre la direction r\u00e9gionale de l\u2019\u00e9quipement, du transport et de la logistique et ses trois principaux partenaires, \u00e0 savoir la wilaya de la r\u00e9gion Tanger-T\u00e9touan-Al Hoceima, les services de la pr\u00e9fecture de police et la commune de Tanger.<\/p>\n<\/div>\n<p>Auteur: Najat Fa\u00efssal<br \/>\n<a href=\"https:\/\/aujourdhui.ma\/societe\/tanger-installation-dune-nouvelle-generation-de-radars\">Cliquez ici pour lire l&rsquo;article depuis sa source.<\/a><\/p>\n","protected":false},"excerpt":{"rendered":"<p>Pour am\u00e9liorer les indicateurs de s\u00e9curit\u00e9 routi\u00e8re en milieu urbain La ville du d\u00e9troit poursuit le d\u00e9ploiement de son syst\u00e8me de contr\u00f4le automatis\u00e9 sur son territoire routier. A cet effet, elle vient de conna\u00eetre l\u2019installation d\u2019une nouvelle g\u00e9n\u00e9ration de radars pour surveiller les infractions routi\u00e8res. Lanc\u00e9e par la Direction r\u00e9gionale de l\u2019\u00e9quipement, du transport et [&hellip;]<\/p>\n","protected":false},"author":1759,"featured_media":88482,"comment_status":"closed","ping_status":"closed","sticky":false,"template":"","format":"standard","meta":{"fifu_image_url":"","fifu_image_alt":"","footnotes":""},"categories":[73,54],"tags":[],"class_list":["post-88481","post","type-post","status-publish","format-standard","has-post-thumbnail","hentry","category-actualite","category-maroc"],"_links":{"self":[{"href":"https:\/\/linitiative.ca\/International\/wp-json\/wp\/v2\/posts\/88481","targetHints":{"allow":["GET"]}}],"collection":[{"href":"https:\/\/linitiative.ca\/International\/wp-json\/wp\/v2\/posts"}],"about":[{"href":"https:\/\/linitiative.ca\/International\/wp-json\/wp\/v2\/types\/post"}],"author":[{"embeddable":true,"href":"https:\/\/linitiative.ca\/International\/wp-json\/wp\/v2\/users\/1759"}],"replies":[{"embeddable":true,"href":"https:\/\/linitiative.ca\/International\/wp-json\/wp\/v2\/comments?post=88481"}],"version-history":[{"count":0,"href":"https:\/\/linitiative.ca\/International\/wp-json\/wp\/v2\/posts\/88481\/revisions"}],"wp:featuredmedia":[{"embeddable":true,"href":"https:\/\/linitiative.ca\/International\/wp-json\/"}],"wp:attachment":[{"href":"https:\/\/linitiative.ca\/International\/wp-json\/wp\/v2\/media?parent=88481"}],"wp:term":[{"taxonomy":"category","embeddable":true,"href":"https:\/\/linitiative.ca\/International\/wp-json\/wp\/v2\/categories?post=88481"},{"taxonomy":"post_tag","embeddable":true,"href":"https:\/\/linitiative.ca\/International\/wp-json\/wp\/v2\/tags?post=88481"}],"curies":[{"name":"wp","href":"https:\/\/api.w.org\/{rel}","templated":true}]}}