{"id":88483,"date":"2020-06-10T10:17:23","date_gmt":"2020-06-10T14:17:23","guid":{"rendered":"https:\/\/linitiative.ca\/International\/aid-al-adha-45-millions-dovins-et-caprins-identifies-par-lonssa\/"},"modified":"2020-06-10T10:17:23","modified_gmt":"2020-06-10T14:17:23","slug":"aid-al-adha-45-millions-dovins-et-caprins-identifies-par-lonssa","status":"publish","type":"post","link":"https:\/\/linitiative.ca\/International\/aid-al-adha-45-millions-dovins-et-caprins-identifies-par-lonssa\/","title":{"rendered":"A\u00efd Al Adha : 4,5 millions d\u2019ovins et caprins identifi\u00e9s par l\u2019ONSSA"},"content":{"rendered":"<p><img decoding=\"async\" class=\"post_layout_5_img\" src=\"http:\/\/aujourdhui.ma\/wp-content\/uploads\/2020\/06\/Aid-al-adha-cheptel-Moutons.jpg\" alt=\"A&#xEF;d Al Adha : 4,5 millions d&#x2019;ovins et caprins identifi&#xE9;s par l&#x2019;ONSSA\"\/><\/p>\n<p><span class=\"c5\"><strong>Le cheptel est en bonne sant\u00e9<\/strong><\/span><br \/><span id=\"more-347229\"\/><\/p>\n<p>Les pr\u00e9paratifs de l\u2019A\u00efd El Adha vont bon train. Plus de 4,5 millions de t\u00eates d\u2019ovins et caprins ont \u00e9t\u00e9 identifi\u00e9es entre le 22 avril et le 6 juin 2020. L\u2019Office national de s\u00e9curit\u00e9 sanitaire des produits alimentaires (ONSSA) signale que l\u2019op\u00e9ration d\u2019identification des ovins et des caprins se poursuit dans toutes les r\u00e9gions avec l\u2019objectif de couvrir l\u2019ensemble du cheptel pr\u00e9par\u00e9 pour A\u00efd Al Adha. L\u2019Office rappelle qu\u2019\u00e0 l\u2019instar des deux derni\u00e8res ann\u00e9es, cette op\u00e9ration consiste en la pose, sur l\u2019une des oreilles de l\u2019animal, d\u2019une boucle de couleur jaune, portant un num\u00e9ro de s\u00e9rie unique pour chaque animal.<\/p>\n<p>A d\u00e9faut de ce signe distinctif, l\u2019ovin ou caprin n\u2019est pas identifi\u00e9 et ne devra pas faire l\u2019objet d\u2019un achat de la part du consommateur. Ainsi, le but de cette op\u00e9ration est d\u2019identifier, dans un premier temps, la propri\u00e9t\u00e9 des animaux et leurs \u00e9leveurs et d\u2019assurer ensuite la tra\u00e7abilit\u00e9 du parcours des animaux depuis leur \u00e9levage jusqu\u2019au point de vente. Par ailleurs, les services v\u00e9t\u00e9rinaires de l\u2019Office ont enregistr\u00e9 242.000 unit\u00e9s d\u2019engraissement d\u2019ovins et caprins dans le cadre de ce programme. En plus de l\u2019enregistrement des exploitations d\u2019engraissement et de l\u2019identification des animaux, les pr\u00e9paratifs comprennent un ensemble de mesures telles que le contr\u00f4le de l\u2019alimentation animale, de l\u2019utilisation des m\u00e9dicaments v\u00e9t\u00e9rinaires, de l\u2019eau d\u2019abreuvement, ainsi que la circulation des fientes, conditionn\u00e9e obligatoirement par l\u2019obtention d\u2019un laissez-passer aupr\u00e8s des services v\u00e9t\u00e9rinaires de l\u2019ONSSA afin de suivre leur tra\u00e7abilit\u00e9.<\/p>\n<p>Il est \u00e0 signaler que la situation sanitaire du cheptel national est satisfaisante. Le suivi et la surveillance sanitaires sont assur\u00e9s sur l\u2019ensemble du territoire national par les services v\u00e9t\u00e9rinaires de l\u2019ONSSA en \u00e9troite collaboration avec les v\u00e9t\u00e9rinaires priv\u00e9s. Chaque ann\u00e9e, l\u2019ONSSA recommande aux consommateurs de n\u2019acheter que les animaux commercialis\u00e9s au niveau des points de vente connus et boucl\u00e9s et d\u2019acheter des animaux qui sont mobiles, actifs, r\u00e9actifs et pas nonchalants.<\/p>\n<p>Pour rappel, lors de son passage au Parlement, le 1er juin, le ministre de l\u2019agriculture, Aziz Akhannouch, avait annonc\u00e9 que les op\u00e9rations de vaccination et de num\u00e9rotation du cheptel ont \u00e9t\u00e9 lanc\u00e9es en avril par l\u2019ONSSA, et se poursuivront jusqu\u2019en juillet. Le ministre avait \u00e9galement soulign\u00e9 que son d\u00e9partement, en collaboration avec le minist\u00e8re de l\u2019int\u00e9rieur, veille constamment au contr\u00f4le de l\u2019organisation des march\u00e9s et du respect des mesures sanitaires pour limiter la propagation de la Covid-19.<\/p>\n<p>Auteur: Laila Zerrour<br \/>\n<a href=\"https:\/\/aujourdhui.ma\/societe\/aid-al-adha-45-millions-dovins-et-caprins-identifies-par-lonssa\">Cliquez ici pour lire l&rsquo;article depuis sa source.<\/a><\/p>\n","protected":false},"excerpt":{"rendered":"<p>Le cheptel est en bonne sant\u00e9 Les pr\u00e9paratifs de l\u2019A\u00efd El Adha vont bon train. Plus de 4,5 millions de t\u00eates d\u2019ovins et caprins ont \u00e9t\u00e9 identifi\u00e9es entre le 22 avril et le 6 juin 2020. L\u2019Office national de s\u00e9curit\u00e9 sanitaire des produits alimentaires (ONSSA) signale que l\u2019op\u00e9ration d\u2019identification des ovins et des caprins se [&hellip;]<\/p>\n","protected":false},"author":1759,"featured_media":88484,"comment_status":"closed","ping_status":"closed","sticky":false,"template":"","format":"standard","meta":{"fifu_image_url":"","fifu_image_alt":"","footnotes":""},"categories":[73,54],"tags":[],"class_list":["post-88483","post","type-post","status-publish","format-standard","has-post-thumbnail","hentry","category-actualite","category-maroc"],"_links":{"self":[{"href":"https:\/\/linitiative.ca\/International\/wp-json\/wp\/v2\/posts\/88483","targetHints":{"allow":["GET"]}}],"collection":[{"href":"https:\/\/linitiative.ca\/International\/wp-json\/wp\/v2\/posts"}],"about":[{"href":"https:\/\/linitiative.ca\/International\/wp-json\/wp\/v2\/types\/post"}],"author":[{"embeddable":true,"href":"https:\/\/linitiative.ca\/International\/wp-json\/wp\/v2\/users\/1759"}],"replies":[{"embeddable":true,"href":"https:\/\/linitiative.ca\/International\/wp-json\/wp\/v2\/comments?post=88483"}],"version-history":[{"count":0,"href":"https:\/\/linitiative.ca\/International\/wp-json\/wp\/v2\/posts\/88483\/revisions"}],"wp:featuredmedia":[{"embeddable":true,"href":"https:\/\/linitiative.ca\/International\/wp-json\/"}],"wp:attachment":[{"href":"https:\/\/linitiative.ca\/International\/wp-json\/wp\/v2\/media?parent=88483"}],"wp:term":[{"taxonomy":"category","embeddable":true,"href":"https:\/\/linitiative.ca\/International\/wp-json\/wp\/v2\/categories?post=88483"},{"taxonomy":"post_tag","embeddable":true,"href":"https:\/\/linitiative.ca\/International\/wp-json\/wp\/v2\/tags?post=88483"}],"curies":[{"name":"wp","href":"https:\/\/api.w.org\/{rel}","templated":true}]}}