{"id":88485,"date":"2020-06-10T10:20:28","date_gmt":"2020-06-10T14:20:28","guid":{"rendered":"https:\/\/linitiative.ca\/International\/campagne-cerealiere-1-300-000-qx-de-ble-tendre-collectes-depuis-le-15-mai\/"},"modified":"2020-06-10T10:20:28","modified_gmt":"2020-06-10T14:20:28","slug":"campagne-cerealiere-1-300-000-qx-de-ble-tendre-collectes-depuis-le-15-mai","status":"publish","type":"post","link":"https:\/\/linitiative.ca\/International\/campagne-cerealiere-1-300-000-qx-de-ble-tendre-collectes-depuis-le-15-mai\/","title":{"rendered":"Campagne c\u00e9r\u00e9ali\u00e8re : 1.300.000 qx de bl\u00e9 tendre collect\u00e9s depuis le 15 mai"},"content":{"rendered":"<p><img decoding=\"async\" class=\"post_layout_5_img\" src=\"http:\/\/aujourdhui.ma\/wp-content\/uploads\/2020\/05\/Ble-tendre.jpg\" alt=\"Campagne c&#xE9;r&#xE9;ali&#xE8;re : 1.300.000 qx de bl&#xE9; tendre collect&#xE9;s depuis le 15 mai\"\/><\/p>\n<p><span class=\"c5\"><strong>La campagne c\u00e9r\u00e9ali\u00e8re se d\u00e9roule dans de bonnes conditions. La collecte du bl\u00e9 tendre depuis le 15 mai s\u2019\u00e9l\u00e8ve \u00e0 1.300.000 qx, soit 30% de l\u2019objectif.<\/strong><\/span><\/p>\n<p><span id=\"more-347234\"\/><br \/>L\u2019approvisionnement du march\u00e9 en c\u00e9r\u00e9ales et l\u00e9gumineuses est largement assur\u00e9 gr\u00e2ce aux diff\u00e9rentes mesures prises par le minist\u00e8re de l\u2019agriculture, de la p\u00eache maritime, du d\u00e9veloppement rural et des eaux et for\u00eats en partenariat avec l\u2019ensemble des organisations professionnelles.<br \/>Ainsi, les niveaux de stock enregistr\u00e9s \u00e0 fin mai 2020 permettent de couvrir 5 mois des besoins nationaux pour le bl\u00e9 tendre et jusqu\u2019\u00e0 4 mois pour le bl\u00e9 dur. Conform\u00e9ment aux mesures instaur\u00e9es depuis le d\u00e9but de l\u2019urgence sanitaire, les stocks sont maintenus \u00e0 ces niveaux en permanence.<\/p>\n<p>Concernant la fabrication de la farine, apr\u00e8s une intense activit\u00e9 d\u2019\u00e9crasement pour r\u00e9pondre \u00e0 la hausse de la demande des m\u00e9nages en mars et avril derniers, les niveaux d\u2019\u00e9crasement reviennent progressivement aux cadences habituelles, assurant ainsi l\u2019approvisionnement r\u00e9gulier de l\u2019ensemble des points de vente.<\/p>\n<p>Par ailleurs, l\u2019ensemble des organismes stockeurs, minoteries et coop\u00e9ratives agricoles, se sont mobilis\u00e9s et engag\u00e9s pour collecter la production nationale et assurer sa commercialisation dans de bonnes conditions. La production de bl\u00e9 tendre collect\u00e9e depuis le 15 mai s\u2019\u00e9l\u00e8ve \u00e0 1.300.000 qx, soit 30% de l\u2019objectif \u00e0 la date d\u2019aujourd\u2019hui.<\/p>\n<p>Alors qu\u2019une troisi\u00e8me tranche de l\u2019orge subventionn\u00e9 sera lanc\u00e9e. En effet, apr\u00e8s une premi\u00e8re tranche au premier trimestre de l\u2019ann\u00e9e, une deuxi\u00e8me tranche d\u2019une quantit\u00e9 totale de 2.764.300 qx a \u00e9t\u00e9 mise \u00e0 la disposition des \u00e9leveurs \u00e0 partir de mars dans les centres de relais de proximit\u00e9 relevant des diff\u00e9rentes provinces. Celle-ci porte sur la distribution de 2.850.000 qx. Par ailleurs, \u00e0 partir du 15 juin, l\u2019op\u00e9ration sera renforc\u00e9e en doublant la dotation attribu\u00e9e \u00e0 chaque \u00e9leveur.<br \/>Ces op\u00e9rations b\u00e9n\u00e9ficient d\u2019un suivi rapproch\u00e9 et encadrement sur le terrain par les services r\u00e9gionaux du minist\u00e8re de l\u2019agriculture, et ceux de l\u2019ONCA et de l\u2019ONICL.<\/p>\n<p>Auteur: ALM<br \/>\n<a href=\"https:\/\/aujourdhui.ma\/economie\/campagne-cerealiere-1-300-000-qx-de-ble-tendre-collectes-depuis-le-15-mai\">Cliquez ici pour lire l&rsquo;article depuis sa source.<\/a><\/p>\n","protected":false},"excerpt":{"rendered":"<p>La campagne c\u00e9r\u00e9ali\u00e8re se d\u00e9roule dans de bonnes conditions. La collecte du bl\u00e9 tendre depuis le 15 mai s\u2019\u00e9l\u00e8ve \u00e0 1.300.000 qx, soit 30% de l\u2019objectif. L\u2019approvisionnement du march\u00e9 en c\u00e9r\u00e9ales et l\u00e9gumineuses est largement assur\u00e9 gr\u00e2ce aux diff\u00e9rentes mesures prises par le minist\u00e8re de l\u2019agriculture, de la p\u00eache maritime, du d\u00e9veloppement rural et des [&hellip;]<\/p>\n","protected":false},"author":1759,"featured_media":88486,"comment_status":"closed","ping_status":"closed","sticky":false,"template":"","format":"standard","meta":{"fifu_image_url":"","fifu_image_alt":"","footnotes":""},"categories":[73,54],"tags":[],"class_list":["post-88485","post","type-post","status-publish","format-standard","has-post-thumbnail","hentry","category-actualite","category-maroc"],"_links":{"self":[{"href":"https:\/\/linitiative.ca\/International\/wp-json\/wp\/v2\/posts\/88485","targetHints":{"allow":["GET"]}}],"collection":[{"href":"https:\/\/linitiative.ca\/International\/wp-json\/wp\/v2\/posts"}],"about":[{"href":"https:\/\/linitiative.ca\/International\/wp-json\/wp\/v2\/types\/post"}],"author":[{"embeddable":true,"href":"https:\/\/linitiative.ca\/International\/wp-json\/wp\/v2\/users\/1759"}],"replies":[{"embeddable":true,"href":"https:\/\/linitiative.ca\/International\/wp-json\/wp\/v2\/comments?post=88485"}],"version-history":[{"count":0,"href":"https:\/\/linitiative.ca\/International\/wp-json\/wp\/v2\/posts\/88485\/revisions"}],"wp:featuredmedia":[{"embeddable":true,"href":"https:\/\/linitiative.ca\/International\/wp-json\/"}],"wp:attachment":[{"href":"https:\/\/linitiative.ca\/International\/wp-json\/wp\/v2\/media?parent=88485"}],"wp:term":[{"taxonomy":"category","embeddable":true,"href":"https:\/\/linitiative.ca\/International\/wp-json\/wp\/v2\/categories?post=88485"},{"taxonomy":"post_tag","embeddable":true,"href":"https:\/\/linitiative.ca\/International\/wp-json\/wp\/v2\/tags?post=88485"}],"curies":[{"name":"wp","href":"https:\/\/api.w.org\/{rel}","templated":true}]}}