{"id":88495,"date":"2020-06-10T10:56:14","date_gmt":"2020-06-10T14:56:14","guid":{"rendered":"https:\/\/linitiative.ca\/International\/les-bouffonneries-de-lexecutif\/"},"modified":"2020-06-10T10:56:14","modified_gmt":"2020-06-10T14:56:14","slug":"les-bouffonneries-de-lexecutif","status":"publish","type":"post","link":"https:\/\/linitiative.ca\/International\/les-bouffonneries-de-lexecutif\/","title":{"rendered":"Les bouffonneries de l\u2019ex\u00e9cutif!"},"content":{"rendered":"<p class=\"has-text-color c2\"><strong>Une fois n\u2019est pas coutume, l\u2019ex\u00e9cutif verse encore et toujours dans l\u2019amalgame. Visiblement pris de vitesse et surtout de panique, \u00e0 l\u2019approche de la date butoir du confinement et de l\u2019\u00e9tat d\u2019urgence, il ne sait plus sur quel pied danser.<\/strong><\/p>\n<p>Alors que tout le monde s\u2019impatientait de voir sortir la \u00abgrande v\u00e9rit\u00e9\u00bb de la bouche du chef de gouvernement, mercredi \u00e0 l\u2019h\u00e9micycle, devant les repr\u00e9sentants de la Nation, voil\u00e0 que des tranches d\u2019informations fuitaient, m\u00e9li-m\u00e9lo, avant m\u00eame que les ministres ne rendent public leur communiqu\u00e9 respectif.<\/p>\n<p>Une autre illustration de disharmonie irascible qu\u2019on n\u2019a pas cess\u00e9 de mettre \u00e0 nu, au sein d\u2019une entit\u00e9 copieusement disparate. A quoi servirait alors la \u00abmesse\u00bb de celui qu\u2019on attendait et auquel on avait d\u00e9j\u00e0 \u00ab\u00e9bruit\u00e9\u00bb les arcanes du grand \u0153uvre\u00a0?\u00a0 Le suspense n\u2019est plus de mise\u00a0! En cherchant \u00e0 \u00abscooper\u00bb pour des raisons probablement politiciennes, on ne fait que coiffer au poteau son guide \u00abmajoritaire\u00bb, clou\u00e9 au pilori, afin de lui ravir ce privil\u00e8ge.<\/p>\n<p>Le comble c\u2019est que le \u00abmanitou\u00bb s\u2019est pay\u00e9 le luxe de se confier \u00e0 une cha\u00eene qatarie avant de \u00abcracher\u00bb le mot sur l\u2019autel du perchoir. Extr\u00eame ind\u00e9licatesse qui couvre de d\u00e9rision sa \u00abfr\u00eale silhouette\u00bb au sourire intarissable\u00a0! Le\u00a0jeu\u00a0\u00abespi\u00e8gle\u00bb de l\u2019ex\u00e9cutif dont le gouvernail bat litt\u00e9ralement de l\u2019aile, \u00e9clabousse les r\u00e8gles institutionnelles et, de ce fait, pi\u00e9tine sur les pouvoirs du l\u00e9gislatif, cens\u00e9 \u00eatre tenu inform\u00e9, en premier lieu et concert\u00e9, en second lieu, sur les questions de telle ampleur. Une tartuferie qui ne fait alors que noircir l\u2019image d\u2019une nation de Droit et d\u2019Institutions, \u00e0 l\u2019heure de la d\u00e9mocratie en pleine construction!<\/p>\n<p>A propos du parlement, l\u2019apparition providentielle de la ministre du tourisme, du transport, de l\u2019artisanat et de l\u2019\u00e9conomie sociale et solidaire, montait enfin au perchoir pour \u00e9grener quelques propos sur la crise qui assaille l\u2019un des socles vitaux de l\u2019\u00e9conomie nationale.<\/p>\n<p>\u00abLa Covid-19 a terriblement impact\u00e9 le secteur, avec une culbute baissi\u00e8re de 45% des flux et presque autant des nuit\u00e9es, alors que les recettes reculent de 15%\u00bb, d\u00e9plore la bonne femme ostensiblement \u00abd\u00e9pays\u00e9e\u00bb, tel un poisson \u00e9merg\u00e9 de son eau, tout en axant sa feuille de route sur le tourisme interne et se consolant, par ailleurs, pour le personnel du secteur dont des indemnit\u00e9s couvraient presque les trois quarts.<\/p>\n<p>En revanche, son alter ego de l\u2019Office National Marocain du Tourisme, parait avoir d\u00e9pass\u00e9 les \u00ablamentations\u00bb pour passer au concret, en d\u00e9clinant les premiers rem\u00e8des \u00e0 la crise qui ronge le domaine, \u00e0 travers une approche plut\u00f4t inclusive. Manifestement coul\u00e9 au moule de la profession, il est en passe de modeler son plan de relance, en compagnie des Conseils R\u00e9gionaux du Tourisme (CRT) des 12 r\u00e9gions du royaume, en mettant en \u0153uvre une plateforme d\u2019impulsion digitale de la machine consacr\u00e9e aux visiteurs nationaux et dont l\u2019office couvrait les frais.<\/p>\n<p>Cette attitude participative est de nature \u00e0 faire de concert beaucoup de terrain dans l\u2019oasis dess\u00e9ch\u00e9e du secteur. D\u2019autant plus que les CRT ne demandent plus que de la main tendue pour ce faire!<\/p>\n<p>Dans le m\u00eame ordre d\u2019id\u00e9es, on appr\u00e9ciera aussi le relooke agissant de la Conf\u00e9d\u00e9ration G\u00e9n\u00e9rale des Entreprises du Maroc (CGEM) dont le pr\u00e9sident a ipso facto, annonc\u00e9 la couleur. Il ne tarda gu\u00e8re \u00e0 prendre position \u00e0 l\u2019encontre du Groupement Professionnel des Banques du Maroc (GPBM) par rapport aux d\u00e9calages constat\u00e9s au niveau du traitement des dossiers de report des \u00e9ch\u00e9ances bancaires des entreprises impact\u00e9es par la pand\u00e9mie, comme il a \u00e9t\u00e9 convenu aux d\u00e9lib\u00e9rations du Comit\u00e9 de Veille Economique (CVE).<\/p>\n<p>Froiss\u00e9 par cette d\u00e9faillance, le Ra\u00efss du vaisseau patronal s\u2019est illico, \u00abinsurg\u00e9\u00bb pour remettre les pendules \u00e0 l\u2019heure. L\u2019industriel de la minoterie qui vient de d\u00e9tenir les r\u00eanes, il y a en virons quatre mois, s\u2019attelle \u00e9galement \u00e0 d\u00e9cliner, il faut bien le reconna\u00eetre, un plan de redressement qui mettrait non seulement le corps entrepreneurial sur les rails de la reprise, mais aussi la situation g\u00e9n\u00e9rale du pays sur la voie conciliant de l\u2019activit\u00e9 \u00e9conomique et l\u2019\u00e9quit\u00e9 sociale. Il y aurait, sans doute, le patronat d\u2019une prise de conscience profonde d\u2019avoir constamment pr\u00e9sente dans l\u2019esprit la n\u00e9cessit\u00e9 imp\u00e9rieuse d\u2019\u00e9voluer dans un climat de stabilit\u00e9 sociale.<\/p>\n<p>D\u2019autant plus que l\u2019\u00e9pid\u00e9mie qui s\u2019abat sur la soci\u00e9t\u00e9 et dont les r\u00e9percussions sont pr\u00e9judiciables, affecte aussi bien le tissu \u00e9conomique, mais asphyxie lourdement les franges pr\u00e9caires et pauvres qui se comptent par pas moins d\u2019une dizaine de millions. Il est donc question de solidarit\u00e9 et communion comme se fut le cas auparavant et devrait l\u2019\u00eatre davantage dans les ann\u00e9es qui viennent voire \u00e0 perp\u00e9tuit\u00e9.<\/p>\n<p>Auteur: M&rsquo;hammed rahal<br \/>\n<a href=\"http:\/\/albayane.press.ma\/les-bouffonneries-de-lexecutif.html\">Cliquez ici pour lire l&rsquo;article depuis sa source.<\/a><\/p>\n","protected":false},"excerpt":{"rendered":"<p>Une fois n\u2019est pas coutume, l\u2019ex\u00e9cutif verse encore et toujours dans l\u2019amalgame. Visiblement pris de vitesse et surtout de panique, \u00e0 l\u2019approche de la date butoir du confinement et de l\u2019\u00e9tat d\u2019urgence, il ne sait plus sur quel pied danser. Alors que tout le monde s\u2019impatientait de voir sortir la \u00abgrande v\u00e9rit\u00e9\u00bb de la bouche [&hellip;]<\/p>\n","protected":false},"author":1760,"featured_media":0,"comment_status":"closed","ping_status":"closed","sticky":false,"template":"","format":"standard","meta":{"fifu_image_url":"","fifu_image_alt":"","footnotes":""},"categories":[73,54],"tags":[],"class_list":["post-88495","post","type-post","status-publish","format-standard","hentry","category-actualite","category-maroc"],"_links":{"self":[{"href":"https:\/\/linitiative.ca\/International\/wp-json\/wp\/v2\/posts\/88495","targetHints":{"allow":["GET"]}}],"collection":[{"href":"https:\/\/linitiative.ca\/International\/wp-json\/wp\/v2\/posts"}],"about":[{"href":"https:\/\/linitiative.ca\/International\/wp-json\/wp\/v2\/types\/post"}],"author":[{"embeddable":true,"href":"https:\/\/linitiative.ca\/International\/wp-json\/wp\/v2\/users\/1760"}],"replies":[{"embeddable":true,"href":"https:\/\/linitiative.ca\/International\/wp-json\/wp\/v2\/comments?post=88495"}],"version-history":[{"count":0,"href":"https:\/\/linitiative.ca\/International\/wp-json\/wp\/v2\/posts\/88495\/revisions"}],"wp:attachment":[{"href":"https:\/\/linitiative.ca\/International\/wp-json\/wp\/v2\/media?parent=88495"}],"wp:term":[{"taxonomy":"category","embeddable":true,"href":"https:\/\/linitiative.ca\/International\/wp-json\/wp\/v2\/categories?post=88495"},{"taxonomy":"post_tag","embeddable":true,"href":"https:\/\/linitiative.ca\/International\/wp-json\/wp\/v2\/tags?post=88495"}],"curies":[{"name":"wp","href":"https:\/\/api.w.org\/{rel}","templated":true}]}}