{"id":88508,"date":"2020-06-10T09:35:03","date_gmt":"2020-06-10T13:35:03","guid":{"rendered":"https:\/\/linitiative.ca\/International\/2-nouvelles-remissions-a-marrakech-safi-1-284-au-total-drs\/"},"modified":"2020-06-10T09:35:03","modified_gmt":"2020-06-10T13:35:03","slug":"2-nouvelles-remissions-a-marrakech-safi-1-284-au-total-drs","status":"publish","type":"post","link":"https:\/\/linitiative.ca\/International\/2-nouvelles-remissions-a-marrakech-safi-1-284-au-total-drs\/","title":{"rendered":"2 nouvelles r\u00e9missions \u00e0 Marrakech-Safi, 1.284 au total (DRS)"},"content":{"rendered":"<div readability=\"35\">\n<p>Marrakech \u2013 Deux nouvelles r\u00e9missions du Covid-19 ont \u00e9t\u00e9 recens\u00e9es au niveau de la r\u00e9gion de Marrakech-Safi, portant \u00e0 1.284 le nombre des personnes d\u00e9clar\u00e9es d\u00e9finitivement r\u00e9tablies dans la r\u00e9gion depuis l\u2019apparition de la pand\u00e9mie.<\/p>\n<\/div>\n<div readability=\"84\">\n<p>Un nouveau bilan de la Direction R\u00e9gionale de la Sant\u00e9 (DRS), \u00e9tabli mercredi \u00e0 10H00, rel\u00e8ve que ces nouveaux cas gu\u00e9ris ont \u00e9t\u00e9 signal\u00e9s dans la pr\u00e9fecture de Marrakech.<\/p>\n<p>Ainsi, le total des cas gu\u00e9ris est ventil\u00e9 entre la pr\u00e9fecture de Marrakech (969) et les provinces de Rehamna (231), d\u2019Al-Haouz (50), de Chichaoua (24), d\u2019El Kel\u00e2a des Sraghna (04), d\u2019Essaouira (04) et de Safi (02), pr\u00e9cisant que le taux de gu\u00e9rison s\u2019est inscrit en l\u00e9g\u00e8re hausse pour s\u2019\u00e9tablir \u00e0 85,8%.<\/p>\n<p>Par ailleurs, la DRS souligne qu\u2019aucun nouveau cas d\u2019infection au Covid-19 n\u2019a \u00e9t\u00e9 d\u00e9tect\u00e9 au niveau de la r\u00e9gion, laissant inchang\u00e9 \u00e0 1.496 le nombre total des contaminations signal\u00e9es dans la r\u00e9gion depuis le d\u00e9clenchement de la pand\u00e9mie.<\/p>\n<p>Et la m\u00eame source de pr\u00e9ciser que 159 patients sont actuellement sous traitement dans la r\u00e9gion, dont 158 hospitalis\u00e9s au niveau de la pr\u00e9fecture de Marrakech et un (1) seul malade dans la province de Safi.<\/p>\n<p>Suite \u00e0 ces gu\u00e9risons, six provinces relevant de la r\u00e9gion (Youssoufia, Rehamna, Essaouira, El Kel\u00e2a des Sraghna, Chichaoua et Al Haouz) sont \u00ab\u00a0indemnes\u00a0\u00bb de tout cas de contamination au Covid-19.<\/p>\n<p>Quant au nombre des cas exclus apr\u00e8s des r\u00e9sultats n\u00e9gatifs d\u2019analyses effectu\u00e9es au laboratoire, il a atteint 32.626, alors que celui des d\u00e9c\u00e8s s\u2019\u00e9tablit \u00e0 53, fait savoir la Direction r\u00e9gionale de la Sant\u00e9.<\/p>\n<p>Au niveau national, 18 nouveaux cas d\u2019infection au Covid-19 ont \u00e9t\u00e9 confirm\u00e9s, portant \u00e0 8.455 le nombre total des cas de contamination jusqu\u2019\u00e0 mercredi \u00e0 10H00.<\/p>\n<p>Le nombre de cas gu\u00e9ris s\u2019\u00e9l\u00e8ve \u00e0 7.496 avec 03 nouvelles r\u00e9missions, alors que celui des d\u00e9c\u00e8s s\u2019\u00e9l\u00e8ve \u00e0 210 cas, selon le minist\u00e8re de la Sant\u00e9.<\/p>\n<\/div>\n<p>Auteur: Meriem IGASS<br \/>\n<a href=\"http:\/\/www.mapmarrakech.ma\/fr\/2-nouvelles-remissions-a-marrakech-safi-1-284-au-total-drs\/\">Cliquez ici pour lire l&rsquo;article depuis sa source.<\/a><\/p>\n","protected":false},"excerpt":{"rendered":"<p>Marrakech \u2013 Deux nouvelles r\u00e9missions du Covid-19 ont \u00e9t\u00e9 recens\u00e9es au niveau de la r\u00e9gion de Marrakech-Safi, portant \u00e0 1.284 le nombre des personnes d\u00e9clar\u00e9es d\u00e9finitivement r\u00e9tablies dans la r\u00e9gion depuis l\u2019apparition de la pand\u00e9mie. Un nouveau bilan de la Direction R\u00e9gionale de la Sant\u00e9 (DRS), \u00e9tabli mercredi \u00e0 10H00, rel\u00e8ve que ces nouveaux cas [&hellip;]<\/p>\n","protected":false},"author":1788,"featured_media":0,"comment_status":"closed","ping_status":"closed","sticky":false,"template":"","format":"standard","meta":{"fifu_image_url":"","fifu_image_alt":"","footnotes":""},"categories":[54,76],"tags":[],"class_list":["post-88508","post","type-post","status-publish","format-standard","hentry","category-maroc","category-regions"],"_links":{"self":[{"href":"https:\/\/linitiative.ca\/International\/wp-json\/wp\/v2\/posts\/88508","targetHints":{"allow":["GET"]}}],"collection":[{"href":"https:\/\/linitiative.ca\/International\/wp-json\/wp\/v2\/posts"}],"about":[{"href":"https:\/\/linitiative.ca\/International\/wp-json\/wp\/v2\/types\/post"}],"author":[{"embeddable":true,"href":"https:\/\/linitiative.ca\/International\/wp-json\/wp\/v2\/users\/1788"}],"replies":[{"embeddable":true,"href":"https:\/\/linitiative.ca\/International\/wp-json\/wp\/v2\/comments?post=88508"}],"version-history":[{"count":0,"href":"https:\/\/linitiative.ca\/International\/wp-json\/wp\/v2\/posts\/88508\/revisions"}],"wp:attachment":[{"href":"https:\/\/linitiative.ca\/International\/wp-json\/wp\/v2\/media?parent=88508"}],"wp:term":[{"taxonomy":"category","embeddable":true,"href":"https:\/\/linitiative.ca\/International\/wp-json\/wp\/v2\/categories?post=88508"},{"taxonomy":"post_tag","embeddable":true,"href":"https:\/\/linitiative.ca\/International\/wp-json\/wp\/v2\/tags?post=88508"}],"curies":[{"name":"wp","href":"https:\/\/api.w.org\/{rel}","templated":true}]}}