{"id":88510,"date":"2020-06-10T12:06:42","date_gmt":"2020-06-10T16:06:42","guid":{"rendered":"https:\/\/linitiative.ca\/International\/le-tissu-cooperatif-en-quete-dune-nouvelle-relance-post-covid-19\/"},"modified":"2020-06-10T12:06:42","modified_gmt":"2020-06-10T16:06:42","slug":"le-tissu-cooperatif-en-quete-dune-nouvelle-relance-post-covid-19","status":"publish","type":"post","link":"https:\/\/linitiative.ca\/International\/le-tissu-cooperatif-en-quete-dune-nouvelle-relance-post-covid-19\/","title":{"rendered":"Le tissu coop\u00e9ratif en qu\u00eate d\u2019une nouvelle relance post Covid-19"},"content":{"rendered":"<div readability=\"39\">\n<p>Par: Abdelhak YAHYA<br \/>Benguerir \u2013 A l\u2019instar de nombre de secteurs productifs fortement impact\u00e9s par la pand\u00e9mie du Covid-19 au Maroc, le tissu coop\u00e9ratif, qui constitue l\u2019un des piliers de l\u2019\u00e9conomie locale dans plusieurs provinces du Royaume, n\u2019a pas \u00e9t\u00e9 non plus \u00e9pargn\u00e9 par les effets n\u00e9gatifs de cette crise et des mesures d\u2019accompagnement de l\u2019instauration de l\u2019\u00e9tat d\u2019urgence sanitaire, ayant conduit \u00e0 l\u2019arr\u00eat de l\u2019activit\u00e9 \u00e9conomique.<\/p>\n<\/div>\n<div readability=\"149\">\n<p>Ainsi, le tissu coop\u00e9ratif dans la province de Rehamna, qui se caract\u00e9rise par la vari\u00e9t\u00e9 de ses champs d\u2019activit\u00e9 et d\u2019intervention (agriculture, artisanat, plantes m\u00e9dicinales entre autres), repr\u00e9sente l\u2019un des secteurs productifs et contributeurs \u00e0 l\u2019\u00e9conomie sociale \u00e0 l\u2019\u00e9chelle locale.<\/p>\n<p>Malgr\u00e9 cette situation difficile induite par le nouveau coronavirus, les coop\u00e9ratives op\u00e9rant dans la province demeurent en qu\u00eate d\u2019un nouveau red\u00e9marrage de leurs activit\u00e9s apr\u00e8s la lev\u00e9e du confinement sanitaire, \u00e0 m\u00eame de surmonter les cons\u00e9quences socio-\u00e9conomiques de la pand\u00e9mie, surtout que ces entit\u00e9s jouent un r\u00f4le majeur dans la r\u00e9alisation du d\u00e9veloppement durable sur les plans \u00e9conomique et social, la lutte contre le ch\u00f4mage et la pauvret\u00e9 et l\u2019int\u00e9gration des petits producteurs dans le march\u00e9.<\/p>\n<p>Face \u00e0 ces circonstances exceptionnelles, certaines coop\u00e9ratives au niveau de la province, en g\u00e9n\u00e9ral, et de la ville de Benguerir, en particulier, ont r\u00e9orient\u00e9 leurs activit\u00e9s pour \u00eatre en phase avec les exigences de la conjoncture sanitaire actuelle, alors que d\u2019autres ont vu leurs activit\u00e9s totalement paralys\u00e9es suite \u00e0 l\u2019arr\u00eat de la dynamique \u00e9conomique.<\/p>\n<p>Ainsi, la coop\u00e9rative \u00ab\u00a0Ibdaat Rehamna\u00a0\u00bb, active \u00e0 Benguerir et sp\u00e9cialis\u00e9e dans la couture et la broderie, a r\u00e9orient\u00e9 ses activit\u00e9s pour mieux s\u2019adapter aux besoins des march\u00e9s local et r\u00e9gional et ce, en proc\u00e9dant \u00e0 la fabrication des masques de protection.<\/p>\n<p>Cette unit\u00e9, qui comprend une vingtaine d\u2019employ\u00e9s (hommes et femmes), a augment\u00e9 sa capacit\u00e9 productive pour atteindre actuellement entre 2.000 et 3.000 masques de protection par jour, qui sont de haute qualit\u00e9 et lavables pour cinq fois au maximum, avec la possibilit\u00e9 de hausser la cadence de production en cas de besoin.<\/p>\n<p>Dans ce sens, la pr\u00e9sidente de la coop\u00e9rative, Majida El Berkaoui, a indiqu\u00e9 que la r\u00e9orientation de l\u2019activit\u00e9 de cette structure op\u00e9rant initialement dans le domaine de l\u2019artisanat, vers la production des masques de protection a \u00e9t\u00e9 dict\u00e9e par la particularit\u00e9 de la conjoncture sanitaire actuelle et le souci de pouvoir s\u2019adapter \u00e0 tous les sc\u00e9narii d\u2019ordre \u00e9conomique.<\/p>\n<p>Elle a pr\u00e9cis\u00e9, dans une d\u00e9claration \u00e0 la MAP, que la coop\u00e9rative a, d\u00e8s l\u2019obtention de l\u2019autorisation de l\u2019Institut Marocain de Normalisation (IMANOR), entam\u00e9 l\u2019op\u00e9ration de production, ajoutant qu\u2019elle a b\u00e9n\u00e9fici\u00e9 de l\u2019accompagnement de l\u2019OCP en mati\u00e8re de commercialisation de ces masques, afin de l\u2019inciter \u00e0 aller de l\u2019avant dans cette initiative citoyenne.<\/p>\n<p>Et Mme El Berkaoui de noter que la commercialisation de ces bavettes se limite actuellement aux \u00e9piceries et aux pharmacies et parapharmacies au niveau de Benguerir, sans oublier des tentatives \u00ab\u00a0modestes\u00a0\u00bb de mise en vente \u00e0 Marrakech et \u00e0 Casablanca. Elle a, dans la foul\u00e9e, appel\u00e9 les parties comp\u00e9tentes \u00e0 encourager de telles actions et \u00e0 davantage de collaboration \u00e0 ce sujet.<\/p>\n<div readability=\"93\">\n<p>Si la coop\u00e9rative \u00ab\u00a0Ibdaat Rehamna\u00a0\u00bb a r\u00e9ussi \u00e0 adapter son activit\u00e9 aux exigences de la conjoncture actuelle, d\u2019autres, en revanche, se sont retrouv\u00e9es \u00e0 l\u2019arr\u00eat, en raison de la nature de leur travail comme la coop\u00e9rative \u00ab\u00a0Annour\u00a0\u00bb des \u00e9lectriciens \u00e0 Benguerir.<\/p>\n<p>Compos\u00e9e de 40 ouvriers op\u00e9rant au niveau des chantiers de construction et des complexes r\u00e9sidentiels, cette coop\u00e9rative a arr\u00eat\u00e9 ses activit\u00e9s suite \u00e0 une d\u00e9cision des autorit\u00e9s publiques en vue d\u2019\u00e9viter la propagation de la pand\u00e9mie du Covid-19 parmi la main d\u2019oeuvre.<\/p>\n<p>A ce propos, le pr\u00e9sident de ladite coop\u00e9rative, Allal Naciri, a soulign\u00e9 que le nouveau coronavirus a engendr\u00e9 l\u2019arr\u00eat total des activit\u00e9s dans le domaine du B\u00e2timent et des Travaux publics (BTP), qui constitue l\u2019un des secteurs contributeurs au d\u00e9veloppement de la province et \u00e0 la garantie de revenus aux ouvriers dans les chantiers.<\/p>\n<p>Il a expliqu\u00e9, dans une d\u00e9claration similaire, que cette situation a impact\u00e9 le v\u00e9cu quotidien d\u2019un grand nombre des membres de la coop\u00e9rative, tout en se f\u00e9licitant du soutien dont ils ont b\u00e9n\u00e9fici\u00e9 gr\u00e2ce au Fonds d\u00e9di\u00e9 \u00e0 la gestion de la pand\u00e9mie du Covid-19.<\/p>\n<p>Apr\u00e8s avoir \u00e9mis le v\u0153u de voir les activit\u00e9s de construction reprendre prochainement, il a relev\u00e9 que les coop\u00e9ratives op\u00e9rant dans le domaine du BTP demeurent engag\u00e9es pour la mise en \u0153uvre des mesures et dispositifs adopt\u00e9s par les pouvoirs publics en vue d\u2019\u00e9viter tout risque de propagation de la pand\u00e9mie, surtout apr\u00e8s la lev\u00e9e du confinement.<\/p>\n<p>Par ailleurs, les diff\u00e9rentes parties concern\u00e9es par le d\u00e9veloppement et le renforcement du tissu coop\u00e9ratif dans la province de Rehamna veillent \u00e0 accompagner les coop\u00e9ratives oeuvrant dans les divers secteurs productifs, en vue d\u2019att\u00e9nuer les effets socio-\u00e9conomiques induits par la pand\u00e9mie du nouveau coronavirus sur ces entit\u00e9s.<\/p>\n<p>Dans ce cadre, le chef de la Division des Affaires Economiques et de la Coordination \u00e0 la pr\u00e9fecture de Rehamna, Mohamed Najah, a soulign\u00e9 que la province dispose d\u2019un important tissu coop\u00e9ratif, compos\u00e9 de plus de 256 coop\u00e9ratives, dont la majorit\u00e9 est active dans le domaine agricole (78%), alors que 21% d\u2019entre elles op\u00e8rent dans le secteur de l\u2019artisanat.<\/p>\n<p>Et de poursuivre que les activit\u00e9s de certaines coop\u00e9ratives ont \u00e9t\u00e9 mises \u00e0 l\u2019arr\u00eat durant la p\u00e9riode de confinement, alors que d\u2019autres ont poursuivi leur travail, notamment celles \u00e0 vocation agricole.<\/p>\n<p>M. Najah a estim\u00e9 qu\u2019avec la lev\u00e9e progressive du confinement sanitaire, il sera imp\u00e9ratif d\u2019assurer l\u2019accompagnement de la reprise des activit\u00e9s de ces coop\u00e9ratives par plusieurs intervenants, \u00e0 travers la formation au marketing digital, la recherche de la client\u00e8le, le d\u00e9veloppement des comp\u00e9tences et des capacit\u00e9s de production et la sensibilisation \u00e0 l\u2019importance du respect des mesures pr\u00e9ventives.<\/p>\n<p>Il a, dans ce sens, appel\u00e9 les coop\u00e9ratives locales \u00e0 accompagner le progr\u00e8s technologique et scientifique que conna\u00eet le Royaume, par le biais de la cr\u00e9ation de groupements et de la recherche des moyens d\u2019acc\u00e8s \u00e0 de nouveaux march\u00e9s, affirmant que la pr\u00e9fecture de la province de Rehamna va accompagner et faciliter, avec le concours des partenaires et des d\u00e9partements minist\u00e9riels concern\u00e9s, la reprise par les coop\u00e9ratives de leurs activit\u00e9s.<\/p>\n<p>Eu \u00e9gard \u00e0 la situation induite par la propagation de la pand\u00e9mie du Covid-19 \u00e0 laquelle a \u00e9t\u00e9 confront\u00e9 le tissu coop\u00e9ratif \u00e0 Rehamna et dans les autres provinces du Royaume, il demeure, donc, essentiel de favoriser la f\u00e9d\u00e9ration des efforts de tous les intervenants afin de venir en aide \u00e0 ces coop\u00e9ratives lors de la reprise de leurs activit\u00e9s et de les doter des instruments et comp\u00e9tences n\u00e9cessaires pour apporter leur pierre \u00e0 l\u2019\u00e9difice du d\u00e9veloppement local.<\/p>\n<\/div>\n<\/div>\n<p>Auteur: Meriem IGASS<br \/>\n<a href=\"http:\/\/www.mapmarrakech.ma\/fr\/le-tissu-cooperatif-en-quete-dune-nouvelle-relance-post-covid-19\/\">Cliquez ici pour lire l&rsquo;article depuis sa source.<\/a><\/p>\n","protected":false},"excerpt":{"rendered":"<p>Par: Abdelhak YAHYABenguerir \u2013 A l\u2019instar de nombre de secteurs productifs fortement impact\u00e9s par la pand\u00e9mie du Covid-19 au Maroc, le tissu coop\u00e9ratif, qui constitue l\u2019un des piliers de l\u2019\u00e9conomie locale dans plusieurs provinces du Royaume, n\u2019a pas \u00e9t\u00e9 non plus \u00e9pargn\u00e9 par les effets n\u00e9gatifs de cette crise et des mesures d\u2019accompagnement de l\u2019instauration [&hellip;]<\/p>\n","protected":false},"author":1788,"featured_media":0,"comment_status":"closed","ping_status":"closed","sticky":false,"template":"","format":"standard","meta":{"fifu_image_url":"","fifu_image_alt":"","footnotes":""},"categories":[54,76],"tags":[],"class_list":["post-88510","post","type-post","status-publish","format-standard","hentry","category-maroc","category-regions"],"_links":{"self":[{"href":"https:\/\/linitiative.ca\/International\/wp-json\/wp\/v2\/posts\/88510","targetHints":{"allow":["GET"]}}],"collection":[{"href":"https:\/\/linitiative.ca\/International\/wp-json\/wp\/v2\/posts"}],"about":[{"href":"https:\/\/linitiative.ca\/International\/wp-json\/wp\/v2\/types\/post"}],"author":[{"embeddable":true,"href":"https:\/\/linitiative.ca\/International\/wp-json\/wp\/v2\/users\/1788"}],"replies":[{"embeddable":true,"href":"https:\/\/linitiative.ca\/International\/wp-json\/wp\/v2\/comments?post=88510"}],"version-history":[{"count":0,"href":"https:\/\/linitiative.ca\/International\/wp-json\/wp\/v2\/posts\/88510\/revisions"}],"wp:attachment":[{"href":"https:\/\/linitiative.ca\/International\/wp-json\/wp\/v2\/media?parent=88510"}],"wp:term":[{"taxonomy":"category","embeddable":true,"href":"https:\/\/linitiative.ca\/International\/wp-json\/wp\/v2\/categories?post=88510"},{"taxonomy":"post_tag","embeddable":true,"href":"https:\/\/linitiative.ca\/International\/wp-json\/wp\/v2\/tags?post=88510"}],"curies":[{"name":"wp","href":"https:\/\/api.w.org\/{rel}","templated":true}]}}