{"id":88511,"date":"2020-06-09T14:42:36","date_gmt":"2020-06-09T18:42:36","guid":{"rendered":"https:\/\/linitiative.ca\/International\/alger-operation-de-distribution-de-masques-de-protection-aux-citoyens\/"},"modified":"2020-06-09T14:42:36","modified_gmt":"2020-06-09T18:42:36","slug":"alger-operation-de-distribution-de-masques-de-protection-aux-citoyens","status":"publish","type":"post","link":"https:\/\/linitiative.ca\/International\/alger-operation-de-distribution-de-masques-de-protection-aux-citoyens\/","title":{"rendered":"Alger: op\u00e9ration de distribution de masques de protection aux citoyens"},"content":{"rendered":"<div readability=\"40\">\n<p><strong>ALGER &#8211; Une premi\u00e8re op\u00e9ration de distribution de masques de protection a \u00e9t\u00e9 lanc\u00e9e, mardi matin \u00e0 Alger, au profit des habitants des deux communes d&rsquo;El-Harrach et d&rsquo;El Mohammadia, et ce dans le cadre d&rsquo;un vaste programme touchant les diff\u00e9rentes circonscriptions administratives, lequel vise \u00e0 sensibiliser et inciter les citoyens \u00e0 porter ces masques comme mesure pr\u00e9ventive obligatoire \u00e0 m\u00eame de r\u00e9duire l&rsquo;infection par le nouveau Coronavirus, a-t-on constat\u00e9.<\/strong><\/p>\n<\/div>\n<div readability=\"97\">\n<p>A ce titre, le wali d\u00e9l\u00e9gu\u00e9 d&rsquo;El-Harrach, Mehdi Bouchareb et son homologue de Dar El Beida, Samir Nafla ont supervis\u00e9, en coordination avec l&rsquo;Association El Baraka pour le travail caritatif et humanitaire, le lancement de la premi\u00e8re op\u00e9ration de distribution de masques, depuis la place publique de la commune d&rsquo;El-Harrach et devant le centre commercial \u00ab\u00a0Printemps\u00a0\u00bb de la commune d&rsquo;El Mohammadia, o\u00f9 10.000 masques ont \u00e9t\u00e9 distribu\u00e9s aux citoyens dans le but de les exhorter et sensibiliser \u00e0 l&rsquo;obligation de les porter afin de pr\u00e9server leur sant\u00e9.<\/p>\n<p>De son c\u00f4t\u00e9, le wali d\u00e9l\u00e9gu\u00e9 d&rsquo;El-Harrach a affirm\u00e9 que la lev\u00e9e du confinement partiel qui a permis \u00e0 certains commer\u00e7ants et artisans d&rsquo;exercer leur travail \u00e0 partir du 7 juin \u00ab\u00a0requiert un redoublement d&rsquo;efforts afin d&rsquo;inciter les citoyens \u00e0 porter le masque\u00a0\u00bb, ajoutant que l&rsquo;op\u00e9ration \u00ab\u00a0se poursuit encore pour toucher un plus grand nombre de citoyens et de commer\u00e7ants et que des masques sont disponibles en quantit\u00e9 importante\u00a0\u00bb.<\/p>\n<blockquote readability=\"11\">\n<p><em><strong>Il a en outre appel\u00e9 les citoyens et tous ceux qui se rendent \u00e0 cette commune \u00e0 forte densit\u00e9 de population et qui dispose d&rsquo;une activit\u00e9 commerciale et de services importante, \u00e0 \u00ab\u00a0respecter les conditions de la distanciation sociale \u00e9dict\u00e9es par les autorit\u00e9s sanitaires\u00a0\u00bb, en r\u00e9f\u00e9rence aux march\u00e9s municipaux, ext\u00e9rieurs et mobiles ainsi qu&rsquo;aux centres commerciaux.<\/strong><\/em><\/p>\n<\/blockquote>\n<p>Il a \u00e9galement fait \u00e9tat de l&rsquo;existence des comit\u00e9s de suivi, constitu\u00e9s des services du Commerce, de la commune et de la S\u00fbret\u00e9, dont la mission consiste \u00e0 contr\u00f4ler la mise en \u0153uvre des mesures, mettant en garde que les commerces contrevenants seront ferm\u00e9s, conform\u00e9ment \u00e0 la loi en vigueur.<\/p>\n<p>Pour sa part, le pr\u00e9sident de l&rsquo;Association \u00ab\u00a0El Baraka\u00a0\u00bb, Ahmed Brahimi a soulign\u00e9 que l&rsquo;association a fourni deux millions de masques au niveau national, dont 200.000 ont \u00e9t\u00e9 attribu\u00e9s \u00e0 la wilaya d&rsquo;Alger uniquement, lesquels seront distribu\u00e9s par \u00e9tapes dans toutes les circonscriptions administratives.<\/p>\n<blockquote readability=\"13\">\n<p><em><strong>Devant le centre commercial \u00ab\u00a0Le Printemps\u00a0\u00bb, Mme. Nefla a indiqu\u00e9 que c&rsquo;est la septi\u00e8me fois cons\u00e9cutive que la circonscription administrative de Dar El Beida supervise ce genre d&rsquo;action de sensibilisation et d&rsquo;incitation \u00e0 porter le masque dans tous les march\u00e9s de proximit\u00e9 et les espaces publics, en coordination avec les associations actives dans le domaine \u00e0 l&rsquo;image du Croissant rouge alg\u00e9rien (CRA), de l&rsquo;association El Baraka, des Scouts musulmans alg\u00e9riens (SMA), avec l&rsquo;accompagnement des services de s\u00e9curit\u00e9 et de la protection civile.<\/strong><\/em><\/p>\n<\/blockquote>\n<p>Quant au pr\u00e9sident de la section du CRA de Bab Ezzouar, Chetoui Ahmed, il a fait \u00e9tat de la distribution de 10.000 masques depuis le d\u00e9but de la propagation du COVID-19 \u00e0 ce jour, outre 250 thermom\u00e8tres durant le mois dernier, annon\u00e7ant \u00ab\u00a0l&rsquo;ouverture, durant les semaines \u00e0 venir, d&rsquo;un atelier de confection \u00e0 Bab Ezzouar qui devrait produire 250 masques\/jour\u00a0\u00bb, en tant que contribution de la part de la section en faveur des d\u00e9marches des autorit\u00e9s publiques dans le cadre des mesures de d\u00e9confinement progressif.<\/p>\n<p>Cette op\u00e9ration de longue envergure se d\u00e9roule sous la supervision du wali d&rsquo;Alger dans l&rsquo;objectif de distribuer, dans une premi\u00e8re \u00e9tape, 130.000 masques entrant dans le cadre des mesures de d\u00e9confinement progressif, outre le respect des mesures de pr\u00e9vention pour stopper la transmission de la pand\u00e9mie notamment par le port des masques et la distanciation sociale.<\/p>\n<\/div>\n<p>Auteur:<br \/>\n<a href=\"http:\/\/www.aps.dz\/regions\/105994-alger-operation-de-distribution-de-masques-de-protection-aux-citoyens\">Cliquez ici pour lire l&rsquo;article depuis sa source.<\/a><\/p>\n","protected":false},"excerpt":{"rendered":"<p>ALGER &#8211; Une premi\u00e8re op\u00e9ration de distribution de masques de protection a \u00e9t\u00e9 lanc\u00e9e, mardi matin \u00e0 Alger, au profit des habitants des deux communes d&rsquo;El-Harrach et d&rsquo;El Mohammadia, et ce dans le cadre d&rsquo;un vaste programme touchant les diff\u00e9rentes circonscriptions administratives, lequel vise \u00e0 sensibiliser et inciter les citoyens \u00e0 porter ces masques comme [&hellip;]<\/p>\n","protected":false},"author":1790,"featured_media":0,"comment_status":"closed","ping_status":"closed","sticky":false,"template":"","format":"standard","meta":{"fifu_image_url":"","fifu_image_alt":"","footnotes":""},"categories":[53,76],"tags":[],"class_list":["post-88511","post","type-post","status-publish","format-standard","hentry","category-algerie","category-regions"],"_links":{"self":[{"href":"https:\/\/linitiative.ca\/International\/wp-json\/wp\/v2\/posts\/88511","targetHints":{"allow":["GET"]}}],"collection":[{"href":"https:\/\/linitiative.ca\/International\/wp-json\/wp\/v2\/posts"}],"about":[{"href":"https:\/\/linitiative.ca\/International\/wp-json\/wp\/v2\/types\/post"}],"author":[{"embeddable":true,"href":"https:\/\/linitiative.ca\/International\/wp-json\/wp\/v2\/users\/1790"}],"replies":[{"embeddable":true,"href":"https:\/\/linitiative.ca\/International\/wp-json\/wp\/v2\/comments?post=88511"}],"version-history":[{"count":0,"href":"https:\/\/linitiative.ca\/International\/wp-json\/wp\/v2\/posts\/88511\/revisions"}],"wp:attachment":[{"href":"https:\/\/linitiative.ca\/International\/wp-json\/wp\/v2\/media?parent=88511"}],"wp:term":[{"taxonomy":"category","embeddable":true,"href":"https:\/\/linitiative.ca\/International\/wp-json\/wp\/v2\/categories?post=88511"},{"taxonomy":"post_tag","embeddable":true,"href":"https:\/\/linitiative.ca\/International\/wp-json\/wp\/v2\/tags?post=88511"}],"curies":[{"name":"wp","href":"https:\/\/api.w.org\/{rel}","templated":true}]}}