{"id":88512,"date":"2020-06-09T15:31:30","date_gmt":"2020-06-09T19:31:30","guid":{"rendered":"https:\/\/linitiative.ca\/International\/khenchela-des-efforts-coordonnes-entre-plusieurs-wilayas-pour-proteger-la-foret-de-beni-meloul-des-incendies\/"},"modified":"2020-06-09T15:31:30","modified_gmt":"2020-06-09T19:31:30","slug":"khenchela-des-efforts-coordonnes-entre-plusieurs-wilayas-pour-proteger-la-foret-de-beni-meloul-des-incendies","status":"publish","type":"post","link":"https:\/\/linitiative.ca\/International\/khenchela-des-efforts-coordonnes-entre-plusieurs-wilayas-pour-proteger-la-foret-de-beni-meloul-des-incendies\/","title":{"rendered":"Khenchela: des efforts coordonn\u00e9s entre plusieurs wilayas pour prot\u00e9ger la for\u00eat de Beni Meloul des incendies"},"content":{"rendered":"<div>\n<div class=\"K2FeedIntroText\">\n<p><strong>KHENCHELA &#8211; Des efforts coordonn&eacute;s entre les wilayas de Khenchela, Batna et Biskra seront d&eacute;ploy&eacute;s tout au long de la saison estivale 2020 afin de prot&eacute;ger la for&ecirc;t de Beni Meloul des risques d&rsquo;incendie, a indiqu&eacute; mardi, le charg&eacute; de communication de la conservation des for&ecirc;ts de la wilaya de Khenchela, Hichem Kada.<\/strong><\/p>\n<\/div>\n<div class=\"K2FeedFullText\">\n<p>Conform&eacute;ment &agrave; la directive du minist&egrave;re de l&rsquo;Int&eacute;rieur des collectivit&eacute;s locales et de l&rsquo;am&eacute;nagement du territoire relative &agrave; la lutte contre les risques de feux de for&ecirc;ts, une r&eacute;union s&rsquo;est tenue derni&egrave;rement entre les cadres et les conservateurs des for&ecirc;ts de la wilaya de Batna, Khenchela et Biskra &agrave; l&rsquo;issue de laquelle il a &eacute;t&eacute; d&eacute;cid&eacute; de coordonner et de mobiliser tous les moyens humains et mat&eacute;riels disponibles durant cet &eacute;t&eacute; pour prot&eacute;ger le massif forestier de la r&eacute;gion de Beni Meloul des feux de for&ecirc;ts, a-t-il indiqu&eacute;.<\/p>\n<p>Dans ce contexte, la commune de Kimel dans la wilaya de Batna, situ&eacute;e au confluent des wilayas de Biskra et de Khenchela, a &eacute;t&eacute; choisie pour abriter le si&egrave;ge de la colonne mobile pour gagner du temps lors des interventions en cas d&rsquo;incendie dans la r&eacute;gion, a d&eacute;clar&eacute; le m&ecirc;me responsable.<\/p>\n<p>Les conservateurs des for&ecirc;ts des wilayas concern&eacute;es ont soulign&eacute; l&rsquo;importance de mettre en place un plan un de travail commun permettant de donner des directives &agrave; la circonscription la plus proche en cas d&rsquo;incendie m&ecirc;me si celle-ci se trouve en dehors du territoire de comp&eacute;tence en attendant l&rsquo;arriv&eacute;e des renforts des autres unit&eacute;s, selon la m&ecirc;me source.<\/p>\n<p>Il a &eacute;t&eacute; &eacute;galement conclu de coordonner ces efforts &agrave; la fois avec les annexes locales de l&rsquo;office national de m&eacute;t&eacute;orologie afin d&rsquo;anticiper des risques tels que la chaleur, la s&eacute;cheresse ou encore les &eacute;pisodes de vents violents, mais aussi avec les services concern&eacute;s pour effectuer des relev&eacute;s a&eacute;riens p&eacute;riodiques afin de d&eacute;terminer les zones les plus expos&eacute;es aux risques a-t-on poursuivi.<\/p>\n<p>M. Kada a &eacute;galement r&eacute;v&eacute;l&eacute; que cette r&eacute;union a permis d&rsquo;aborder la question du r&eacute;am&eacute;nagement de la for&ecirc;t de Beni Meloul et d&rsquo;&eacute;tablir &agrave; cet effet une feuille de route pour parachever cette op&eacute;ration dans 22 unit&eacute;s imm&eacute;diatement apr&egrave;s avoir termin&eacute; celui de la premi&egrave;re unit&eacute; &eacute;conomique situ&eacute;e dans la r&eacute;gion de Azza Berdaa dans les communes de Lamsara (Khenchela) et Kimel dont les travaux ont &eacute;t&eacute; lanc&eacute;s en d&eacute;but d&rsquo;ann&eacute;e.<\/p>\n<p>Pour rappel, la for&ecirc;t de Beni Melloul s&rsquo;&eacute;tend sur 91 000 hectares divis&eacute;s entre 22 unit&eacute;s r&eacute;parties entre les communes de Bouhmama, Chelia, Yabous, Lemsara, El Ouledja (Khenchela), Kimel(Batna) et Mezri&acirc;a (Biskra).<\/p>\n<\/div>\n<\/div>\n<p>Auteur:<br \/>\n<a href=\"http:\/\/www.aps.dz\/regions\/106000-khenchela-des-efforts-coordonnes-entre-plusieurs-wilayas-pour-proteger-la-foret-de-beni-meloul-des-incendies\">Cliquez ici pour lire l&rsquo;article depuis sa source.<\/a><\/p>\n","protected":false},"excerpt":{"rendered":"<p>KHENCHELA &#8211; Des efforts coordonn&eacute;s entre les wilayas de Khenchela, Batna et Biskra seront d&eacute;ploy&eacute;s tout au long de la saison estivale 2020 afin de prot&eacute;ger la for&ecirc;t de Beni Meloul des risques d&rsquo;incendie, a indiqu&eacute; mardi, le charg&eacute; de communication de la conservation des for&ecirc;ts de la wilaya de Khenchela, Hichem Kada. Conform&eacute;ment &agrave; [&hellip;]<\/p>\n","protected":false},"author":1790,"featured_media":0,"comment_status":"closed","ping_status":"closed","sticky":false,"template":"","format":"standard","meta":{"fifu_image_url":"","fifu_image_alt":"","footnotes":""},"categories":[53,76],"tags":[],"class_list":["post-88512","post","type-post","status-publish","format-standard","hentry","category-algerie","category-regions"],"_links":{"self":[{"href":"https:\/\/linitiative.ca\/International\/wp-json\/wp\/v2\/posts\/88512","targetHints":{"allow":["GET"]}}],"collection":[{"href":"https:\/\/linitiative.ca\/International\/wp-json\/wp\/v2\/posts"}],"about":[{"href":"https:\/\/linitiative.ca\/International\/wp-json\/wp\/v2\/types\/post"}],"author":[{"embeddable":true,"href":"https:\/\/linitiative.ca\/International\/wp-json\/wp\/v2\/users\/1790"}],"replies":[{"embeddable":true,"href":"https:\/\/linitiative.ca\/International\/wp-json\/wp\/v2\/comments?post=88512"}],"version-history":[{"count":0,"href":"https:\/\/linitiative.ca\/International\/wp-json\/wp\/v2\/posts\/88512\/revisions"}],"wp:attachment":[{"href":"https:\/\/linitiative.ca\/International\/wp-json\/wp\/v2\/media?parent=88512"}],"wp:term":[{"taxonomy":"category","embeddable":true,"href":"https:\/\/linitiative.ca\/International\/wp-json\/wp\/v2\/categories?post=88512"},{"taxonomy":"post_tag","embeddable":true,"href":"https:\/\/linitiative.ca\/International\/wp-json\/wp\/v2\/tags?post=88512"}],"curies":[{"name":"wp","href":"https:\/\/api.w.org\/{rel}","templated":true}]}}