{"id":88513,"date":"2020-06-10T08:19:50","date_gmt":"2020-06-10T12:19:50","guid":{"rendered":"https:\/\/linitiative.ca\/International\/constantine-covid-19-entre-sacrifice-des-uns-et-deni-des-autres\/"},"modified":"2020-06-10T08:19:50","modified_gmt":"2020-06-10T12:19:50","slug":"constantine-covid-19-entre-sacrifice-des-uns-et-deni-des-autres","status":"publish","type":"post","link":"https:\/\/linitiative.ca\/International\/constantine-covid-19-entre-sacrifice-des-uns-et-deni-des-autres\/","title":{"rendered":"Constantine\/Covid-19 : entre sacrifice des uns et d\u00e9ni des autres  \u00a0"},"content":{"rendered":"<div readability=\"37\">\n<p><strong>CONSTANTINE- Exponentielle au d\u00e9but, la courbe de contamination au Covid-19 \u00e0 Constantine a vir\u00e9 \u00e0 un \u00e9tat sinuso\u00efdal pour enfin s&rsquo;aplatir en amor\u00e7ant une tendance baissi\u00e8re gr\u00e2ce \u00e0 l&rsquo;engagement de l&rsquo;Etat et au sacrifice du personnel soignant, mais n\u00e9anmoins certains Constantinois r\u00e9fractaires par leur indiscipline voire leur d\u00e9ni de la maladie risquent de catalyser la long\u00e9vit\u00e9 de la pand\u00e9mie.<\/strong><\/p>\n<\/div>\n<div readability=\"155.5242843358\">\n<p>Figurant dans le top cinq des wilayas les plus touch\u00e9es avec pr\u00e8s de 500 cas et 23 d\u00e9c\u00e8s, Constantine se \u00a0\u00bbstabilise\u00a0\u00bb depuis quelques jours, et ce \u00e0 la faveur de mesures coercitives et pr\u00e9ventives, notamment le port obligatoire de la bavette, initi\u00e9 le 7 mai dernier, ou encore l&rsquo;interdiction temporaire des ballades dans les for\u00eats r\u00e9cr\u00e9atives de la ville.<\/p>\n<blockquote readability=\"12\">\n<p><em><strong>Toute cette batterie de mesures a particip\u00e9 \u00e0 stabiliser la situation, qui \u00ab\u00a0connait m\u00eame une diminution du nombre de contamination constat\u00e9e depuis le deuxi\u00e8me jour de l&rsquo;A\u00efd El Fitr\u00a0\u00bb, a affirm\u00e9 le directeur de la Sant\u00e9 de Constantine, Adil Da\u00e2s, r\u00e9it\u00e9rant \u00a0\u00bbla n\u00e9cessit\u00e9 de rester vigilant afin que la courbe des cas de Covid-19 ne reparte pas \u00e0 la hausse avec l&rsquo;amorce du d\u00e9confinement\u00a0\u00bb.<\/strong><\/em><\/p>\n<\/blockquote>\n<p>Imputant le recul des nouveaux cas de Covid-19 dans la wilaya aux \u00ab\u00a0mesures engag\u00e9es par les autorit\u00e9s comp\u00e9tentes, le travail de proximit\u00e9 et de tra\u00e7abilit\u00e9 des malades et des sujets contact, mais aussi \u00e0 une certaine prise de conscience des citoyens\u00a0\u00bb, M. Da\u00e2s a relev\u00e9 \u00e9galement le \u00ab\u00a0sacrifice consenti par le personnel soignant\u00a0\u00bb, en premi\u00e8re ligne dans la lutte contre le Covid-19 depuis l&rsquo;apparition du premier cas \u00e0 Constantine le 22 mars dernier.<\/p>\n<p>\u00ab\u00a0Environ 300 personnes, entre m\u00e9decins, param\u00e9dicaux, aide soignants, agents d&rsquo;entretien et de s\u00e9curit\u00e9 sont mobilis\u00e9s depuis plus de deux mois dans les unit\u00e9s Covid des trois (3) h\u00f4pitaux r\u00e9f\u00e9rents d\u00e9sign\u00e9s \u00e0 Constantine pour prendre en charge les patients contamin\u00e9s par le nouveau coronavirus\u00a0\u00bb, a indiqu\u00e9 le responsable.<\/p>\n<blockquote readability=\"11\">\n<p><em><strong>Et d&rsquo;ajouter : \u00ab\u00a0Certains soignants ne sont pas rentr\u00e9s chez eux et n&rsquo;ont pas vu leur enfants et leur famille depuis plusieurs semaines de peur de les contaminer\u00a0\u00bb, d&rsquo;o\u00f9 l&rsquo;importance du \u00ab\u00a0maintien des mesures barri\u00e8res apr\u00e8s le d\u00e9confinement et la reprise normale des activit\u00e9s commerciale et \u00e9conomique, d&rsquo;autant que s&rsquo;il y a une prise de conscience au sein de la population, certains citoyens ne croient toujours pas \u00e0 l&rsquo;existence du coronavirus\u00a0\u00bb.<\/strong><\/em><\/p>\n<\/blockquote>\n<p>En d\u00e9pit des difficult\u00e9s, 257 malades sont gu\u00e9ris du Covid-19 \u00e0 Constantine depuis le d\u00e9but de l&rsquo;\u00e9pid\u00e9mie \u00e0 ce jour, redonnant \u00ab\u00a0une lueur d&rsquo;espoir\u00a0\u00bb et du baume au c\u0153ur du personnel soignant qui m\u00e8ne un combat continu contre le SARS-coV-2, s&rsquo;est-t-il f\u00e9licit\u00e9.<\/p>\n<p><strong>\u00a0<\/strong><\/p>\n<p><strong>\u00a0\u00a0 Le Covid-19 n&rsquo;est pas une maladie honteuse<\/strong><\/p>\n<p>Apr\u00e8s une hospitalisation et un suivi m\u00e9dical de 10 jours, le c\u00e9l\u00e8bre com\u00e9dien Hakim Dekkar fait partie des malades gu\u00e9ris du Covid-19, lui qui \u0153uvrait, avec d&rsquo;autres artistes du th\u00e9\u00e2tre r\u00e9gional de Constantine, \u00e0 sensibiliser la population sur l&rsquo;existence de la maladie et la n\u00e9cessit\u00e9 de s&rsquo;en pr\u00e9munir, d\u00e8s le d\u00e9but de l&rsquo;\u00e9pid\u00e9mie.<\/p>\n<p>Saluant \u00a0\u00bbl&rsquo;engagement et la mobilisation du corps m\u00e9dical \u00e0 toute heure de la journ\u00e9e et la nuit\u00a0\u00bb, le com\u00e9dien a racont\u00e9 \u00e0 l&rsquo;APS son exp\u00e9rience \u00a0\u00bb\u00e9trange\u00a0\u00bb avec cette maladie, per\u00e7ue selon lui comme \u00ab\u00a0une maladie honteuse\u00a0\u00bb par bon nombre de citoyens, au moment o\u00f9 d&rsquo;autres nient son existence.<\/p>\n<blockquote readability=\"14\">\n<p><em><strong>\u00ab\u00a0J&rsquo;ai \u00e9t\u00e9 admis \u00e0 l&rsquo;h\u00f4pital El Bir la veille de l&rsquo;A\u00efd El Fitr, apr\u00e8s avoir souffert de courbatures, des maux de t\u00eate, une perte du go\u00fbt et de diarrh\u00e9e\u00a0\u00bb, confie-t-il, faisant \u00e9tat d&rsquo;un \u00a0\u00bbsentiment tr\u00e8s \u00e9trange de se retrouver \u00e0 l&rsquo;h\u00f4pital en compagnie de beaucoup d&rsquo;autres malades contamin\u00e9s par le coronavirus, alors qu&rsquo;il y a des gens convaincus qu&rsquo;il n&rsquo;en est rien\u00a0\u00bb.<\/strong><\/em><\/p>\n<\/blockquote>\n<p>Et de poursuivre : \u00ab\u00a0J&rsquo;ai quitt\u00e9 l&rsquo;h\u00f4pital le 3 juin apr\u00e8s avoir termin\u00e9 le protocole th\u00e9rapeutique, et je reste pour l&rsquo;heure confin\u00e9 chez moi pendant 14 jours \u00e0 l&rsquo;issue desquels je vais raconter mon exp\u00e9rience avec le Covid-19 et sensibiliser les citoyens sur la n\u00e9cessit\u00e9 de respecter les mesures barri\u00e8res.<\/p>\n<p>Selon Hakim Dekkar, si tous les malades gu\u00e9ris du Covid-19 s&rsquo;\u00e9panchent sur leur maladie, parlent de leurs sympt\u00f4mes et leur souffrance, au lieu d&rsquo;en faire \u00ab\u00a0un secret tabou\u00a0\u00bb, les gens arr\u00eateront de douter de l&rsquo;existence de la maladie, et se d\u00e9partiront de leur d\u00e9ni qui annihile les actions de pr\u00e9vention men\u00e9es pour lutter contre ce virus et nourrit l&rsquo;incivisme et l&rsquo;inconscience au sein de la population.<\/p>\n<p><strong>\u00a0<\/strong><\/p>\n<p><strong>L&rsquo;ampleur de l&rsquo;\u00e9pid\u00e9mie limit\u00e9e par le confinement<\/strong><\/p>\n<p>M\u00e9decin \u00e9pid\u00e9miologiste au CHU Benbadis de Constantine, le Pr Djamel Zoughailech, consid\u00e8re, pour sa part, que \u00a0\u00bbl&rsquo;ampleur de l&rsquo;\u00e9pid\u00e9mie a \u00e9t\u00e9 limit\u00e9e par le confinement et particuli\u00e8rement l&rsquo;arr\u00eat des transports\u00a0\u00bb, rappelant toutefois, que \u00a0\u00bbla virulence du SARS-CoV-2, sa rapidit\u00e9 de r\u00e9plication et sa forte transmissibilit\u00e9, surtout par des personnes asymptomatiques, restent une pr\u00e9occupation majeure\u00a0\u00bb.<\/p>\n<hr\/>\n<hr\/>\n<p>Mettant l&rsquo;accent, en ce sens, sur \u00a0\u00bbl&rsquo;importance de la communication qui repr\u00e9sente un \u00e9l\u00e9ment strat\u00e9gique indispensable pour susciter l&rsquo;adh\u00e9sion de la population et particuli\u00e8rement celle de certaines zones urbaines densement peupl\u00e9es\u00a0\u00bb, le sp\u00e9cialiste a relev\u00e9 que les gestes barri\u00e8res et le port du masque commencent \u00e0 faire partie du quotidien et des habitudes des Alg\u00e9riens, \u00a0\u00bbm\u00eame si cela n&rsquo;est pas toujours conforme aux bonnes pratiques et aux normes, et reste tr\u00e8s insuffisant\u00a0\u00bb.<\/p>\n<blockquote readability=\"11\">\n<p><em><strong>Selon le Pr Zoughailech, \u00a0\u00bbil faut attacher une importance majeure au nombre de nouveaux cas confirm\u00e9s par jour et \u00e0 la recherche des cas contacts qui constituent des indicateurs essentiels de l&rsquo;\u00e9volution de l&rsquo;\u00e9pid\u00e9mie\u00a0\u00bb, soulignant l&rsquo;imp\u00e9rieuse n\u00e9cessit\u00e9 d&rsquo;accompagner le d\u00e9confinement par le renforcement des mesures de pr\u00e9vention (distanciation sociale, port obligatoire de masques) en sus de la surveillance \u00e9pid\u00e9miologique des sujets contacts.<\/strong><\/em><\/p>\n<\/blockquote>\n<p>Approch\u00e9e \u00e0 l&rsquo;entr\u00e9e d&rsquo;une pharmacie au centre-ville de Constantine, bavette coll\u00e9e au nez, Mme Amira G, enseignante d&rsquo;anglais dans un CEM, est \u00a0\u00bbsortie pour la premi\u00e8re fois depuis le d\u00e9but du confinement partiel \u00e0 Constantine\u00a0\u00bb, a-t-elle confi\u00e9 \u00e0 l&rsquo;APS.<\/p>\n<blockquote readability=\"8\">\n<p><em><strong>Elle a \u00e9galement fait part de ses \u00a0\u00bbcraintes\u00a0\u00bb de voir les cas d&rsquo;infection repartir \u00e0 la hausse suite au d\u00e9confinement surtout que \u00a0\u00bbbeaucoup trop de personnes que j&rsquo;ai crois\u00e9es ne portent pas de bavette, continuent \u00e0 s&#8217;embrasser et \u00e0 ignorer la distanciation sociale\u00a0\u00bb.<\/strong><\/em><\/p>\n<\/blockquote>\n<\/div>\n<p>Auteur:<br \/>\n<a href=\"http:\/\/www.aps.dz\/regions\/106013-constantine-covid-19-entre-sacrifice-des-uns-et-deni-des-autres\">Cliquez ici pour lire l&rsquo;article depuis sa source.<\/a><\/p>\n","protected":false},"excerpt":{"rendered":"<p>CONSTANTINE- Exponentielle au d\u00e9but, la courbe de contamination au Covid-19 \u00e0 Constantine a vir\u00e9 \u00e0 un \u00e9tat sinuso\u00efdal pour enfin s&rsquo;aplatir en amor\u00e7ant une tendance baissi\u00e8re gr\u00e2ce \u00e0 l&rsquo;engagement de l&rsquo;Etat et au sacrifice du personnel soignant, mais n\u00e9anmoins certains Constantinois r\u00e9fractaires par leur indiscipline voire leur d\u00e9ni de la maladie risquent de catalyser la [&hellip;]<\/p>\n","protected":false},"author":1790,"featured_media":0,"comment_status":"closed","ping_status":"closed","sticky":false,"template":"","format":"standard","meta":{"fifu_image_url":"","fifu_image_alt":"","footnotes":""},"categories":[53,76],"tags":[],"class_list":["post-88513","post","type-post","status-publish","format-standard","hentry","category-algerie","category-regions"],"_links":{"self":[{"href":"https:\/\/linitiative.ca\/International\/wp-json\/wp\/v2\/posts\/88513","targetHints":{"allow":["GET"]}}],"collection":[{"href":"https:\/\/linitiative.ca\/International\/wp-json\/wp\/v2\/posts"}],"about":[{"href":"https:\/\/linitiative.ca\/International\/wp-json\/wp\/v2\/types\/post"}],"author":[{"embeddable":true,"href":"https:\/\/linitiative.ca\/International\/wp-json\/wp\/v2\/users\/1790"}],"replies":[{"embeddable":true,"href":"https:\/\/linitiative.ca\/International\/wp-json\/wp\/v2\/comments?post=88513"}],"version-history":[{"count":0,"href":"https:\/\/linitiative.ca\/International\/wp-json\/wp\/v2\/posts\/88513\/revisions"}],"wp:attachment":[{"href":"https:\/\/linitiative.ca\/International\/wp-json\/wp\/v2\/media?parent=88513"}],"wp:term":[{"taxonomy":"category","embeddable":true,"href":"https:\/\/linitiative.ca\/International\/wp-json\/wp\/v2\/categories?post=88513"},{"taxonomy":"post_tag","embeddable":true,"href":"https:\/\/linitiative.ca\/International\/wp-json\/wp\/v2\/tags?post=88513"}],"curies":[{"name":"wp","href":"https:\/\/api.w.org\/{rel}","templated":true}]}}