{"id":88514,"date":"2020-06-09T18:57:51","date_gmt":"2020-06-09T22:57:51","guid":{"rendered":"https:\/\/linitiative.ca\/International\/la-prison-agricole-de-zayou-dement-des-allegations\/"},"modified":"2020-06-09T18:57:51","modified_gmt":"2020-06-09T22:57:51","slug":"la-prison-agricole-de-zayou-dement-des-allegations","status":"publish","type":"post","link":"https:\/\/linitiative.ca\/International\/la-prison-agricole-de-zayou-dement-des-allegations\/","title":{"rendered":"La prison agricole de Zayou d\u00e9ment des all\u00e9gations"},"content":{"rendered":"<p class=\"c4\">La direction de la prison agricole de Zayou a d\u00e9menti, mardi, les all\u00e9gations relay\u00e9es au sujet du d\u00e9tenu (H.H), incarc\u00e9r\u00e9 dans le cadre des \u00e9v\u00e8nements d\u2019Al Hoceima.<\/p>\n<p class=\"c4\">La direction de la prison agricole de Zayou r\u00e9agit \u00e0 la publication par un site \u00e9lectronique d\u2019un article pr\u00e9tendant que ce d\u00e9tenu est \u00ab\u00a0gravement malade et n\u2019arrive pas \u00e0 se nourrir \u00e0 cause de douleurs \u00e0 l\u2019estomac\u00a0\u00bb et qu\u2019un rendez-vous m\u00e9dical lui a \u00e9t\u00e9 fix\u00e9 \u00ab\u00a0dans deux ans\u00a0\u00bb.<\/p>\n<p class=\"c4\">\u00ab\u00a0Ce sont de fausses all\u00e9gations d\u00e9nu\u00e9es de tout fondement\u00a0\u00bb, pr\u00e9cise la direction de la prison dans une mise au point, affirmant que le d\u00e9tenu en question, et depuis son transf\u00e8rement de la prison locale Toulal 2 \u00e0 la prison agricole de Zayou le 2 d\u00e9cembre 2019, dans un souci de rapprochement avec sa famille, re\u00e7oit les soins m\u00e9dicaux n\u00e9cessaires, \u00e0 l\u2019instar des autres d\u00e9tenus de cet \u00e9tablissement p\u00e9nitentiaire.<\/p>\n<p class=\"c4\">Ce d\u00e9tenu, ajoute-t-on de m\u00eame source, a consult\u00e9 \u00e0 sept reprises le m\u00e9decin de l\u2019\u00e9tablissement, tout comme il a b\u00e9n\u00e9fici\u00e9 de cinq consultations au cabinet dentaire puis a \u00e9t\u00e9 transf\u00e9r\u00e9 le 10 avril 2020 \u00e0 la prison locale de Nador pour effectuer les examens m\u00e9dicaux n\u00e9cessaires.<\/p>\n<p class=\"c4\">La prison de Zayou insiste, en outre, que l\u2019all\u00e9gation d\u2019un rendez-vous m\u00e9dical \u00ab\u00a0dans deux ans\u00a0\u00bb est d\u00e9nu\u00e9e de tout fondement, notant que le d\u00e9tenu en question a un rendez-vous \u00ab\u00a0tr\u00e8s proche\u00a0\u00bb avec un dermatologue \u00e0 l\u2019h\u00f4pital Al Farabi d\u2019Oujda, en coordination avec les services m\u00e9dicaux comp\u00e9tents.<\/p>\n<p>Auteur: Soufiane ELAHMAR<br \/>\n<a href=\"http:\/\/www.mapoujda.ma\/fr\/la-prison-agricole-de-zayou-dement-des-allegations\/\">Cliquez ici pour lire l&rsquo;article depuis sa source.<\/a><\/p>\n","protected":false},"excerpt":{"rendered":"<p>La direction de la prison agricole de Zayou a d\u00e9menti, mardi, les all\u00e9gations relay\u00e9es au sujet du d\u00e9tenu (H.H), incarc\u00e9r\u00e9 dans le cadre des \u00e9v\u00e8nements d\u2019Al Hoceima. La direction de la prison agricole de Zayou r\u00e9agit \u00e0 la publication par un site \u00e9lectronique d\u2019un article pr\u00e9tendant que ce d\u00e9tenu est \u00ab\u00a0gravement malade et n\u2019arrive pas [&hellip;]<\/p>\n","protected":false},"author":1788,"featured_media":0,"comment_status":"closed","ping_status":"closed","sticky":false,"template":"","format":"standard","meta":{"fifu_image_url":"","fifu_image_alt":"","footnotes":""},"categories":[54,76],"tags":[],"class_list":["post-88514","post","type-post","status-publish","format-standard","hentry","category-maroc","category-regions"],"_links":{"self":[{"href":"https:\/\/linitiative.ca\/International\/wp-json\/wp\/v2\/posts\/88514","targetHints":{"allow":["GET"]}}],"collection":[{"href":"https:\/\/linitiative.ca\/International\/wp-json\/wp\/v2\/posts"}],"about":[{"href":"https:\/\/linitiative.ca\/International\/wp-json\/wp\/v2\/types\/post"}],"author":[{"embeddable":true,"href":"https:\/\/linitiative.ca\/International\/wp-json\/wp\/v2\/users\/1788"}],"replies":[{"embeddable":true,"href":"https:\/\/linitiative.ca\/International\/wp-json\/wp\/v2\/comments?post=88514"}],"version-history":[{"count":0,"href":"https:\/\/linitiative.ca\/International\/wp-json\/wp\/v2\/posts\/88514\/revisions"}],"wp:attachment":[{"href":"https:\/\/linitiative.ca\/International\/wp-json\/wp\/v2\/media?parent=88514"}],"wp:term":[{"taxonomy":"category","embeddable":true,"href":"https:\/\/linitiative.ca\/International\/wp-json\/wp\/v2\/categories?post=88514"},{"taxonomy":"post_tag","embeddable":true,"href":"https:\/\/linitiative.ca\/International\/wp-json\/wp\/v2\/tags?post=88514"}],"curies":[{"name":"wp","href":"https:\/\/api.w.org\/{rel}","templated":true}]}}