{"id":88515,"date":"2020-06-09T21:52:03","date_gmt":"2020-06-10T01:52:03","guid":{"rendered":"https:\/\/linitiative.ca\/International\/mise-en-ouvre-progressive-a-partir-du-11-juin-du-plan-dassouplissement-du-confinement-sanitaire\/"},"modified":"2020-06-09T21:52:03","modified_gmt":"2020-06-10T01:52:03","slug":"mise-en-ouvre-progressive-a-partir-du-11-juin-du-plan-dassouplissement-du-confinement-sanitaire","status":"publish","type":"post","link":"https:\/\/linitiative.ca\/International\/mise-en-ouvre-progressive-a-partir-du-11-juin-du-plan-dassouplissement-du-confinement-sanitaire\/","title":{"rendered":"Mise en ouvre progressive, \u00e0 partir du 11 juin, du plan d\u2019assouplissement du confinement sanitaire"},"content":{"rendered":"<p class=\"c4\">Les minist\u00e8res de l\u2019Int\u00e9rieur et de la Sant\u00e9 ont annonc\u00e9, dans un communiqu\u00e9 conjoint, que les autorit\u00e9s publiques ont d\u00e9cid\u00e9 de mettre en \u0153uvre le plan d\u2019assouplissement des mesures de confinement sanitaire selon la situation \u00e9pid\u00e9miologique de chaque pr\u00e9fecture ou province de mani\u00e8re progressive, \u00e0 partir du 11 juin 2020.<\/p>\n<p class=\"c4\">Voici le texte int\u00e9gral du communiqu\u00e9 conjoint:<\/p>\n<p class=\"c4\">\u00ab\u00a0Afin de pr\u00e9server les acquis r\u00e9alis\u00e9s par notre pays en mati\u00e8re de contr\u00f4le de l\u2019\u00e9pid\u00e9mie du Covid-19, et tenant compte du risque en cours de propagation du virus, et afin de pr\u00e9server la sant\u00e9 des citoyens et des citoyennes, le Conseil du gouvernement a adopt\u00e9 mardi le 9 juin 2020 le d\u00e9cret n\u00b0 2.20.406 portant prorogation de l\u2019\u00e9tat d\u2019urgence sanitaire dans l\u2019ensemble du territoire national pour une dur\u00e9e d\u2019un mois, \u00e0 compter du 10 juin 2020 \u00e0 18H00 jusqu\u2019au vendredi 10 juillet \u00e0 18H00 et ce, afin de lutter contre la propagation du coronavirus.<\/p>\n<p class=\"c4\">Le Conseil a \u00e9galement approuv\u00e9 les dispositions relatives \u00e0 l\u2019assouplissement des restrictions li\u00e9es \u00e0 l\u2019\u00e9tat de confinement sanitaire.<\/p>\n<p class=\"c4\">Dans ce cadre, et en vu de pr\u00e9parer la reprise de la vie normale et des activit\u00e9s \u00e9conomiques et sociales dans l\u2019ensemble du territoire national, les autorit\u00e9s publiques ont d\u00e9cid\u00e9 de mettre en \u0153uvre un plan d\u2019assouplissement des mesures de confinement sanitaire selon la situation \u00e9pid\u00e9miologique de chaque pr\u00e9fecture ou province de mani\u00e8re progressive et selon plusieurs \u00e9tapes et ce, \u00e0 partir du 11 juin 2020.<\/p>\n<p class=\"c4\">En vertu de ce plan, les pr\u00e9fectures ou provinces du Royaume ont \u00e9t\u00e9 divis\u00e9es en deux zones selon les crit\u00e8res fix\u00e9s par les autorit\u00e9s sanitaires:<\/p>\n<p class=\"c4\"><strong>I- La Zone d\u2019assouplissement n\u00b01 comprend:<\/strong><\/p>\n<p class=\"c4\">\u2013 Pr\u00e9fecture et provinces de l\u2019Oriental<\/p>\n<p class=\"c4\">\u2013 Provinces de la r\u00e9gion de B\u00e9ni Mellal-Kh\u00e9nifra<\/p>\n<p class=\"c4\">\u2013 Provinces de la r\u00e9gion Dra\u00e2-Tafilalet<\/p>\n<p class=\"c4\">\u2013 Pr\u00e9fectures et provinces de la r\u00e9gion Souss-Massa<\/p>\n<p class=\"c4\">\u2013 Provinces de la r\u00e9gion de Guelmim-Oued Noun<\/p>\n<p class=\"c4\">\u2013 Provinces de la r\u00e9gion de La\u00e2youne-Sakia El Hamra<\/p>\n<p class=\"c4\">\u2013 Provinces de Dakhla-Oued Ed-Dahab<\/p>\n<p class=\"c4\">\u2013 Pr\u00e9fecture de M\u2019diq-Fnideq<\/p>\n<p class=\"c4\">\u2013 Province de T\u00e9touan<\/p>\n<p class=\"c4\">\u2013 Province de Fahs-Anjra<\/p>\n<p class=\"c4\">\u2013 Province d\u2019Al-Hoceima<\/p>\n<p class=\"c4\">\u2013 Province de Chefchaouen<\/p>\n<p class=\"c4\">\u2013 Province d\u2019Ouezzane<\/p>\n<p class=\"c4\">\u2013 Pr\u00e9fecture de Mekn\u00e8s<\/p>\n<p class=\"c4\">\u2013 Province d\u2019Ifrane<\/p>\n<p class=\"c4\">\u2013 Province de Moulay Ya\u00e2coub<\/p>\n<p class=\"c4\">\u2013 Province de Sefrou<\/p>\n<p class=\"c4\">\u2013 Province de Boulmane<\/p>\n<p class=\"c4\">\u2013 Province de Taounate<\/p>\n<p class=\"c4\">\u2013 Province de Taza<\/p>\n<p class=\"c4\">\u2013 Province de Kh\u00e9misset<\/p>\n<p class=\"c4\">\u2013 Province de Sidi Kacem<\/p>\n<p class=\"c4\">\u2013 Province de Sidi Slimane<\/p>\n<p class=\"c4\">\u2013 Province de Settat<\/p>\n<p class=\"c4\">\u2013 Province de Sidi Bennour<\/p>\n<p class=\"c4\">\u2013 Province de Chichaoua<\/p>\n<p class=\"c4\">\u2013 Province d\u2019Al-Haouz<\/p>\n<p class=\"c4\">\u2013 Province el Kela\u00e2 des Sraghna<\/p>\n<p class=\"c4\">\u2013 Province d\u2019Essaouira<\/p>\n<p class=\"c4\">\u2013 Province de Rehamna<\/p>\n<p class=\"c4\">\u2013 Province de Safi<\/p>\n<p class=\"c4\">\u2013 Province de Youssoufia<\/p>\n<p class=\"c4\"><strong>2. Zone d\u2019assouplissement n\u00b02:<\/strong><\/p>\n<p class=\"c4\">\u2013 Pr\u00e9fecture de Tanger-Assilah<\/p>\n<p class=\"c4\">\u2013 Province de Larache<\/p>\n<p class=\"c4\">\u2013 Pr\u00e9fecture de F\u00e8s<\/p>\n<p class=\"c4\">\u2013 Province d\u2019El Hajeb<\/p>\n<p class=\"c4\">\u2013 Pr\u00e9fecture de Rabat<\/p>\n<p class=\"c4\">\u2013 Pr\u00e9fecture de Skhirate-T\u00e9mara<\/p>\n<p class=\"c4\">\u2013 Province de K\u00e9nitra<\/p>\n<p class=\"c4\">\u2013 Pr\u00e9fecture de Casablanca<\/p>\n<p class=\"c4\">\u2013 Pr\u00e9fecture de Mohammedia<\/p>\n<p class=\"c4\">\u2013 Province d\u2019El Jadida<\/p>\n<p class=\"c4\">\u2013 Province de Nouaceur<\/p>\n<p class=\"c4\">\u2013 Province de Mediouna<\/p>\n<p class=\"c4\">\u2013 Province de Benslimane<\/p>\n<p class=\"c4\">\u2013 Province de Berrechid<\/p>\n<p class=\"c4\">\u2013 Pr\u00e9fecture de Marrakech<\/p>\n<p class=\"c4\">La transition progressive d\u2019une \u00e9tape \u00e0 l\u2019autre dans le cadre du plan d\u2019assouplissement des mesures de confinement sera soumis pr\u00e9alablement \u00e0 une \u00e9valuation des mesures \u00e0 appliquer et des conditions requises de chaque pr\u00e9fecture et province. Cette \u00e9valuation sera men\u00e9e par les commissions de veille et de suivi, pr\u00e9sid\u00e9es par les gouverneurs et les walis et compos\u00e9es de repr\u00e9sentants du minist\u00e8re de la Sant\u00e9, des services ext\u00e9rieurs des d\u00e9partements minist\u00e9riels concern\u00e9s et des services de s\u00e9curit\u00e9.<\/p>\n<p class=\"c4\">Ainsi, les pr\u00e9fectures et provinces feront l\u2019objet d\u2019un classement hebdomadaire, selon les deux Zones d\u2019assouplissement, sur la base des crit\u00e8res fix\u00e9s par les autorit\u00e9s sanitaires.<\/p>\n<p class=\"c4\">Afin d\u2019assurer le succ\u00e8s du plan d\u2019assouplissement des mesures de confinement, et pour \u00e9viter l\u2019apparition de nouveaux foyers d\u2019\u00e9closion du virus ou sa propagation dans des diff\u00e9rents lieux ou dans des zones jusque-l\u00e0 indemnes, les autorit\u00e9s publiques exhortent tous les citoyens \u00e0 continuer de respecter strictement toutes les gestes de pr\u00e9vention et les mesures sanitaires en vigueur (port de masques, distanciation\u2026)<\/p>\n<p class=\"c4\">Au cours de la premi\u00e8re phase, qui d\u00e9bute le 11 juin 2020, les mesures d\u2019assouplissement du confinement sanitaire seront comme suit:<\/p>\n<p class=\"c4\">A- Reprise des activit\u00e9s \u00e9conomiques au niveau national:<\/p>\n<p class=\"c4\">\u2013 Activit\u00e9s industrielles;<\/p>\n<p class=\"c4\">\u2013 Activit\u00e9s commerciales;<\/p>\n<p class=\"c4\">\u2013 Activit\u00e9s d\u2019artisanat;<\/p>\n<p class=\"c4\">\u2013 Activit\u00e9s de proximit\u00e9 et petits m\u00e9tiers de proximit\u00e9;<\/p>\n<p class=\"c4\">\u2013 Commerce de proximit\u00e9;<\/p>\n<p class=\"c4\">\u2013 Professions lib\u00e9rales et professions similaires;<\/p>\n<p class=\"c4\">\u2013 R\u00e9ouverture des souks hebdomadaires.<\/p>\n<p class=\"c4\">Les activit\u00e9s qui seront exclues de cette liste sont : les restaurants et caf\u00e9s avec consommations sur place, les hammams, les salles de cin\u00e9ma et th\u00e9\u00e2tres, etc.<\/p>\n<p class=\"c4\">B. Assouplissement des restrictions dans la Zone n\u00b01:<\/p>\n<p class=\"c4\">-Sortir sans avoir besoin d\u2019une autorisation sp\u00e9ciale de d\u00e9placement \u00e0 l\u2019int\u00e9rieur du p\u00e9rim\u00e8tre territorial de la pr\u00e9fecture ou la province;<\/p>\n<p class=\"c4\">-Reprise du transport public urbain avec un exploitation ne d\u00e9passant pas 50% de la capacit\u00e9 d\u2019accueil;<\/p>\n<p class=\"c4\">-Libert\u00e9 de d\u00e9placement \u00e0 l\u2019int\u00e9rieur du p\u00e9rim\u00e8tre territorial du lieu de r\u00e9sidence, sans l\u2019obligation de disposer d\u2019une autorisation (en se contentant de pr\u00e9senter la Carte nationale d\u2019identit\u00e9 \u00e9lectronique);<\/p>\n<p class=\"c4\">-R\u00e9ouverture des salons de coiffure et des instituts de beaut\u00e9 avec une exploitation ne d\u00e9passant pas 50% de la capacit\u00e9 d\u2019accueil;<\/p>\n<p class=\"c4\">-R\u00e9ouverture des espaces publics en plein air (promenades, jardins, lieux publics\u2026etc);<\/p>\n<p class=\"c4\">-Reprise des activit\u00e9s sportives individuelles en plein (marche, v\u00e9los\u2026etc);<\/p>\n<p class=\"c4\">-Maintien de l\u2019ensemble des autres restrictions d\u00e9cr\u00e9t\u00e9es pendant l\u2019\u00e9tat d\u2019urgence sanitaire (interdiction des rassemblements, des r\u00e9unions, des f\u00eates, des f\u00eates de mariage, des fun\u00e9railles\u2026etc);<\/p>\n<p class=\"c4\">C- Assouplissement des restrictions dans la Zone n\u00b02:<\/p>\n<p class=\"c4\">-Obligation de disposer d\u2019une autorisation exceptionnelle de d\u00e9placement pour toute sortie;<\/p>\n<p class=\"c4\">-Fermeture des commerces \u00e0 20H00<\/p>\n<p class=\"c4\">-Reprise du transport public urbain sans d\u00e9passer 50% de la capacit\u00e9 d\u2019accueil;<\/p>\n<p class=\"c4\">-Maintien de l\u2019ensemble des autres restrictions impos\u00e9es lors de l\u2019\u00e9tat d\u2019urgence sanitaire (interdiction des rassemblements, des r\u00e9unions, des f\u00eates, des f\u00eates de mariage, des fun\u00e9railles\u2026etc).\u00a0\u00bb<\/p>\n<p>Auteur: Soufiane ELAHMAR<br \/>\n<a href=\"http:\/\/www.mapoujda.ma\/fr\/mise-en-ouvre-progressive-a-partir-du-11-juin-du-plan-dassouplissement-du-confinement-sanitaire\/\">Cliquez ici pour lire l&rsquo;article depuis sa source.<\/a><\/p>\n","protected":false},"excerpt":{"rendered":"<p>Les minist\u00e8res de l\u2019Int\u00e9rieur et de la Sant\u00e9 ont annonc\u00e9, dans un communiqu\u00e9 conjoint, que les autorit\u00e9s publiques ont d\u00e9cid\u00e9 de mettre en \u0153uvre le plan d\u2019assouplissement des mesures de confinement sanitaire selon la situation \u00e9pid\u00e9miologique de chaque pr\u00e9fecture ou province de mani\u00e8re progressive, \u00e0 partir du 11 juin 2020. Voici le texte int\u00e9gral du [&hellip;]<\/p>\n","protected":false},"author":1788,"featured_media":0,"comment_status":"closed","ping_status":"closed","sticky":false,"template":"","format":"standard","meta":{"fifu_image_url":"","fifu_image_alt":"","footnotes":""},"categories":[54,76],"tags":[],"class_list":["post-88515","post","type-post","status-publish","format-standard","hentry","category-maroc","category-regions"],"_links":{"self":[{"href":"https:\/\/linitiative.ca\/International\/wp-json\/wp\/v2\/posts\/88515","targetHints":{"allow":["GET"]}}],"collection":[{"href":"https:\/\/linitiative.ca\/International\/wp-json\/wp\/v2\/posts"}],"about":[{"href":"https:\/\/linitiative.ca\/International\/wp-json\/wp\/v2\/types\/post"}],"author":[{"embeddable":true,"href":"https:\/\/linitiative.ca\/International\/wp-json\/wp\/v2\/users\/1788"}],"replies":[{"embeddable":true,"href":"https:\/\/linitiative.ca\/International\/wp-json\/wp\/v2\/comments?post=88515"}],"version-history":[{"count":0,"href":"https:\/\/linitiative.ca\/International\/wp-json\/wp\/v2\/posts\/88515\/revisions"}],"wp:attachment":[{"href":"https:\/\/linitiative.ca\/International\/wp-json\/wp\/v2\/media?parent=88515"}],"wp:term":[{"taxonomy":"category","embeddable":true,"href":"https:\/\/linitiative.ca\/International\/wp-json\/wp\/v2\/categories?post=88515"},{"taxonomy":"post_tag","embeddable":true,"href":"https:\/\/linitiative.ca\/International\/wp-json\/wp\/v2\/tags?post=88515"}],"curies":[{"name":"wp","href":"https:\/\/api.w.org\/{rel}","templated":true}]}}