{"id":88516,"date":"2020-06-10T10:03:19","date_gmt":"2020-06-10T14:03:19","guid":{"rendered":"https:\/\/linitiative.ca\/International\/lancement-dun-projet-pour-la-protection-de-lembouchure-de-la-moulouya\/"},"modified":"2020-06-10T10:03:19","modified_gmt":"2020-06-10T14:03:19","slug":"lancement-dun-projet-pour-la-protection-de-lembouchure-de-la-moulouya","status":"publish","type":"post","link":"https:\/\/linitiative.ca\/International\/lancement-dun-projet-pour-la-protection-de-lembouchure-de-la-moulouya\/","title":{"rendered":"Lancement d\u2019un projet pour la protection de l\u2019embouchure de la Moulouya"},"content":{"rendered":"<p class=\"c4\">Un webinaire organis\u00e9 par le collectif de l\u2019Ecolo Plateforme du Maroc du Nord (ECOLOMAN) \u00e0 l\u2019occasion de la c\u00e9l\u00e9bration de la Journ\u00e9e mondiale de l\u2019environnement a \u00e9t\u00e9 marqu\u00e9 par le lancement du projet \u00ab\u00a0Protection de l\u2019embouchure de la Moulouya et sa diversit\u00e9 biologique via la d\u00e9mocratie participative\u00a0\u00bb.<\/p>\n<p class=\"c4\">Ce projet est men\u00e9 par le collectif dans le cadre du Programme d\u2019appui \u00e0 la soci\u00e9t\u00e9 civile \u00ab\u00a0Moucharaka Mouwatina\u00a0\u00bb qui est financ\u00e9 par l\u2019Union europ\u00e9enne sous l\u2019\u00e9gide du Bureau des Nations Unies pour les Services d\u2019Appui aux Projets (UNOPS), du Conseil national des droits de l\u2019Homme (CNDH) et du minist\u00e8re charg\u00e9 des Relations avec le parlement et la soci\u00e9t\u00e9 civile, explique l\u2019ECOLOMAN dans un communiqu\u00e9.<\/p>\n<p class=\"c4\">Et d\u2019ajouter que ce projet a pour finalit\u00e9 la contribution \u00e0 la protection de l\u2019embouchure de l\u2019Oued Moulouya et sa diversit\u00e9 biologique par le biais de la d\u00e9mocratie participative et ses m\u00e9canismes, et ce \u00e0 travers une implication effective des diff\u00e9rentes parties, \u00e0 savoir les acteurs locaux et associatifs, les collectivit\u00e9s et les services ext\u00e9rieurs des d\u00e9partements en charge du secteur de l\u2019environnement.<\/p>\n<p class=\"c4\">La rencontre scientifique \u00e0 distance c\u00e9l\u00e9brant la Journ\u00e9e mondiale de l\u2019environnement (5 juin) et qui a trait\u00e9 de \u00ab\u00a0l\u2019importance de la diversit\u00e9 biologique des zones humides de l\u2019embouchure de la Moulouya, sa protection et les facteurs \u00e0 risque\u00a0\u00bb, fait savoir le collectif, a constitu\u00e9 une opportunit\u00e9 pour sensibiliser et informer sur les actions pr\u00e9vues dans le cadre de ce projet, son financement et ses objectifs, dont la pr\u00e9servation du site biologique et une meilleure compr\u00e9hension et assimilation des m\u00e9canismes de la d\u00e9mocratie participative citoyenne.<\/p>\n<p class=\"c4\">Les intervenants ont ainsi donn\u00e9 un aper\u00e7u sur les grandes lignes du programme \u00ab\u00a0Moucharaka Mouwatina\u00a0\u00bb et les projets financ\u00e9s par l\u2019UE dans le cade de ce programme, faisant savoir qu\u2019ils sont au nombre de 238 \u00e0 l\u2019\u00e9chelon nation, dont 68 dans la r\u00e9gion de l\u2019Oriental.<\/p>\n<p class=\"c4\">L\u2019accent a \u00e9t\u00e9 mis aussi sur l\u2019importance de la zone humide de l\u2019embouchure de Moulouya qui a \u00e9t\u00e9 inscrite en 2005 dans la liste RAMSAR, et sur l\u2019importance \u00e9cologique, sociale et \u00e9conomique des zones humides et l\u2019imp\u00e9ratif de pr\u00e9server ces \u00e9cosyst\u00e8mes tr\u00e8s pr\u00e9cieux.<\/p>\n<p class=\"c4\">La zone humide de la Moulouya qui a fait l\u2019objet de plusieurs \u00e9tudes scientifiques est connue pour sa diversit\u00e9 biologique et la richesse de sa faune et sa flore, d\u2019o\u00f9 la n\u00e9cessit\u00e9 imp\u00e9rieuse de la conjugaison des efforts afin de la pr\u00e9server contre la pression et l\u2019avanc\u00e9e de l\u2019immobilier et de la pollution liquide et solide, ont relev\u00e9 les intervenants lors de ce webinaire.<\/p>\n<p class=\"c4\">Il s\u2019agit, selon eux, de pr\u00e9server et de conserver cet h\u00e9ritage naturel de grande importance \u00e0 l\u2019\u00e9chelon national et international.<\/p>\n<p>Auteur: Soufiane ELAHMAR<br \/>\n<a href=\"http:\/\/www.mapoujda.ma\/fr\/lancement-dun-projet-pour-la-protection-de-lembouchure-de-la-moulouya\/\">Cliquez ici pour lire l&rsquo;article depuis sa source.<\/a><\/p>\n","protected":false},"excerpt":{"rendered":"<p>Un webinaire organis\u00e9 par le collectif de l\u2019Ecolo Plateforme du Maroc du Nord (ECOLOMAN) \u00e0 l\u2019occasion de la c\u00e9l\u00e9bration de la Journ\u00e9e mondiale de l\u2019environnement a \u00e9t\u00e9 marqu\u00e9 par le lancement du projet \u00ab\u00a0Protection de l\u2019embouchure de la Moulouya et sa diversit\u00e9 biologique via la d\u00e9mocratie participative\u00a0\u00bb. Ce projet est men\u00e9 par le collectif dans [&hellip;]<\/p>\n","protected":false},"author":1788,"featured_media":0,"comment_status":"closed","ping_status":"closed","sticky":false,"template":"","format":"standard","meta":{"fifu_image_url":"","fifu_image_alt":"","footnotes":""},"categories":[54,76],"tags":[],"class_list":["post-88516","post","type-post","status-publish","format-standard","hentry","category-maroc","category-regions"],"_links":{"self":[{"href":"https:\/\/linitiative.ca\/International\/wp-json\/wp\/v2\/posts\/88516","targetHints":{"allow":["GET"]}}],"collection":[{"href":"https:\/\/linitiative.ca\/International\/wp-json\/wp\/v2\/posts"}],"about":[{"href":"https:\/\/linitiative.ca\/International\/wp-json\/wp\/v2\/types\/post"}],"author":[{"embeddable":true,"href":"https:\/\/linitiative.ca\/International\/wp-json\/wp\/v2\/users\/1788"}],"replies":[{"embeddable":true,"href":"https:\/\/linitiative.ca\/International\/wp-json\/wp\/v2\/comments?post=88516"}],"version-history":[{"count":0,"href":"https:\/\/linitiative.ca\/International\/wp-json\/wp\/v2\/posts\/88516\/revisions"}],"wp:attachment":[{"href":"https:\/\/linitiative.ca\/International\/wp-json\/wp\/v2\/media?parent=88516"}],"wp:term":[{"taxonomy":"category","embeddable":true,"href":"https:\/\/linitiative.ca\/International\/wp-json\/wp\/v2\/categories?post=88516"},{"taxonomy":"post_tag","embeddable":true,"href":"https:\/\/linitiative.ca\/International\/wp-json\/wp\/v2\/tags?post=88516"}],"curies":[{"name":"wp","href":"https:\/\/api.w.org\/{rel}","templated":true}]}}