{"id":88525,"date":"2020-06-10T10:30:00","date_gmt":"2020-06-10T14:30:00","guid":{"rendered":"https:\/\/linitiative.ca\/International\/lagrandissement-du-stade-mhiri-et-le-projet-de-la-cite-sportive-a-lordre-du-jour\/"},"modified":"2020-06-10T10:30:00","modified_gmt":"2020-06-10T14:30:00","slug":"lagrandissement-du-stade-mhiri-et-le-projet-de-la-cite-sportive-a-lordre-du-jour","status":"publish","type":"post","link":"https:\/\/linitiative.ca\/International\/lagrandissement-du-stade-mhiri-et-le-projet-de-la-cite-sportive-a-lordre-du-jour\/","title":{"rendered":"L\u2019agrandissement du stade Mhiri et le projet de la Cit\u00e9 sportive \u00e0 l\u2019ordre du jour"},"content":{"rendered":"<p>R\u00e9union de travail, aujourd\u2019hui, du ministre de la Jeunesse et des Sports avec les principaux responsables de Sfax:<\/p>\n<footer class=\"submitted clearfix\">\n<p><span class=\"date-display-single\" property=\"dc:date\" datatype=\"xsd:dateTime\" content=\"2020-06-10T00:00:00+01:00\">Mercredi 10 Juin 2020<\/span><\/p>\n<\/footer>\n<div class=\"content clearfix\" readability=\"40.355666429081\"><span class=\"print-link\"><span class=\"print_html\"><a href=\"http:\/\/www.letemps.com.tn\/print\/114661\" title=\"Display a printer-friendly version of this page.\" class=\"print-page\" onclick=\"window.open(this.href); return false\" rel=\"nofollow\"><img decoding=\"async\" class=\"print-icon\" typeof=\"foaf:Image\" src=\"http:\/\/www.letemps.com.tn\/sites\/all\/modules\/print\/icons\/print_icon.gif\" alt=\"\u0646\u0633\u062e\u0629 \u0644\u0644\u0637\u0628\u0627\u0639\u0629\" title=\"\u0646\u0633\u062e\u0629 \u0644\u0644\u0637\u0628\u0627\u0639\u0629\"\/><\/a><\/span><\/span><\/p>\n<div class=\"beacon9-social\">\n<p><iframe src=\"http:\/\/www.facebook.com\/plugins\/like.php?href=http%3A%2F%2Fwww.letemps.com.tn%2Farticle%2F114661%2Fl%25E2%2580%2599agrandissement-du-stade-mhiri-et-le-projet-de-la-cit%25C3%25A9-sportive-%25C3%25A0-l%25E2%2580%2599ordre-du-jour&amp;layout=button_count&amp;show_faces=false&amp;action=like&amp;font=arial&amp;colorscheme=light\" scrolling=\"no\" frameborder=\"0\" class=\"c1\" allowtransparency=\"true\">[embedded content]<\/iframe><\/p>\n<\/div>\n<div class=\"field field-name-field-op-main-image field-type-image field-label-hidden field-items field-item even\"><img loading=\"lazy\" decoding=\"async\" typeof=\"foaf:Image\" src=\"http:\/\/www.letemps.com.tn\/sites\/www.letemps.com.tn\/files\/styles\/620px_wide\/public\/main\/articles\/p16 n3.jpg\" width=\"675\" height=\"380\" alt=\"\"\/><\/div>\n<div class=\"field field-name-body field-type-text-with-summary field-label-hidden field-items field-item even\" readability=\"51\">\n<p class=\"p1 c3\"><span class=\"c2\">R\u00e9agissant positivement \u00e0 la large campagne men\u00e9e depuis quelques\u00a0 jours les supporters du CSS ayant pour th\u00e8me \u2018Sfax a besoin d\u2019un stade\u2019, le ministre de la jeunesse et du sport, Ahmed Gaaloul\u00a0a programm\u00e9 une r\u00e9union au si\u00e8ge de son d\u00e9partement consacr\u00e9e \u00e0 l\u203a\u00e9tude des moyens pour la r\u00e9alisation de cette revendication. Cette r\u00e9union\u00a0devait le regrouper avec le gouverneur de Sfax, Anis Ouslati, le pr\u00e9sident de la municipalit\u00e9 de Sfax, Mongi Elloumi, le pr\u00e9sident du CSS Moncef Khemakhem, le pr\u00e9sident du CSS et Issam Merdassi, le responsable de la commission municipale charg\u00e9e de l\u2019infrastructure sportive de la ville. Deux points figurent \u00e0 l\u2019ordre du jour: l\u2019accroissement de la capacit\u00e9\u00a0d\u2019accueil actuelle du stade Mhiri qui est de 10 mille places environ \u00e0 25 mille et l\u2019\u00e9dification de la cit\u00e9 sportive, un projet datant de vingt ans et est rest\u00e9 au grand dam de habitants de Sfax sans r\u00e9alisation et dont l\u2019\u00e9dification n\u00e9cessiterait une enveloppe de 600 millions de dinars.<\/span><\/p>\n<p class=\"p1 c3\"><span class=\"c2\">Cette r\u00e9union a \u00e9t\u00e9 finalement report\u00e9 pour aujourd\u2019hui. Il y a lieu de noter que le gouverneur de Sfax a indiqu\u00e9 dans une d\u00e9claration\u00a0accord\u00e9e, lundi, \u00e0 radio Diwan FM qu\u2019ils vont demander au ministre de la jeunesse et des sports de la fixation des dates du commencement et de la fin des travaux de l\u2019agrandissement\u00a0du stade Mhiri.<\/span><\/p>\n<p class=\"p2 c4\"><span class=\"c2\"><strong>Ameur KERKENNI<\/strong><\/span><\/p>\n<\/div>\n<\/div>\n<p>Auteur: letemps1<br \/>\n<a href=\"http:\/\/www.letemps.com.tn\/article\/114661\/l%E2%80%99agrandissement-du-stade-mhiri-et-le-projet-de-la-cit%C3%A9-sportive-%C3%A0-l%E2%80%99ordre-du-jour\">Cliquez ici pour lire l&rsquo;article depuis sa source.<\/a><\/p>\n","protected":false},"excerpt":{"rendered":"<p>R\u00e9union de travail, aujourd\u2019hui, du ministre de la Jeunesse et des Sports avec les principaux responsables de Sfax: Mercredi 10 Juin 2020 [embedded content] R\u00e9agissant positivement \u00e0 la large campagne men\u00e9e depuis quelques\u00a0 jours les supporters du CSS ayant pour th\u00e8me \u2018Sfax a besoin d\u2019un stade\u2019, le ministre de la jeunesse et du sport, Ahmed [&hellip;]<\/p>\n","protected":false},"author":1773,"featured_media":88526,"comment_status":"closed","ping_status":"closed","sticky":false,"template":"","format":"standard","meta":{"fifu_image_url":"","fifu_image_alt":"","footnotes":""},"categories":[73,55],"tags":[],"class_list":["post-88525","post","type-post","status-publish","format-standard","has-post-thumbnail","hentry","category-actualite","category-tunisie"],"_links":{"self":[{"href":"https:\/\/linitiative.ca\/International\/wp-json\/wp\/v2\/posts\/88525","targetHints":{"allow":["GET"]}}],"collection":[{"href":"https:\/\/linitiative.ca\/International\/wp-json\/wp\/v2\/posts"}],"about":[{"href":"https:\/\/linitiative.ca\/International\/wp-json\/wp\/v2\/types\/post"}],"author":[{"embeddable":true,"href":"https:\/\/linitiative.ca\/International\/wp-json\/wp\/v2\/users\/1773"}],"replies":[{"embeddable":true,"href":"https:\/\/linitiative.ca\/International\/wp-json\/wp\/v2\/comments?post=88525"}],"version-history":[{"count":0,"href":"https:\/\/linitiative.ca\/International\/wp-json\/wp\/v2\/posts\/88525\/revisions"}],"wp:featuredmedia":[{"embeddable":true,"href":"https:\/\/linitiative.ca\/International\/wp-json\/"}],"wp:attachment":[{"href":"https:\/\/linitiative.ca\/International\/wp-json\/wp\/v2\/media?parent=88525"}],"wp:term":[{"taxonomy":"category","embeddable":true,"href":"https:\/\/linitiative.ca\/International\/wp-json\/wp\/v2\/categories?post=88525"},{"taxonomy":"post_tag","embeddable":true,"href":"https:\/\/linitiative.ca\/International\/wp-json\/wp\/v2\/tags?post=88525"}],"curies":[{"name":"wp","href":"https:\/\/api.w.org\/{rel}","templated":true}]}}