{"id":88527,"date":"2020-06-10T10:30:00","date_gmt":"2020-06-10T14:30:00","guid":{"rendered":"https:\/\/linitiative.ca\/International\/houcine-messaadi-premiere-recrue-du-mercato-estival\/"},"modified":"2020-06-10T10:30:00","modified_gmt":"2020-06-10T14:30:00","slug":"houcine-messaadi-premiere-recrue-du-mercato-estival","status":"publish","type":"post","link":"https:\/\/linitiative.ca\/International\/houcine-messaadi-premiere-recrue-du-mercato-estival\/","title":{"rendered":"Houcine Messa\u00e2di, premi\u00e8re recrue du mercato\u00a0estival"},"content":{"rendered":"<p class=\"p1 c3\"><span class=\"c2\">Jalel Ben A\u00efssa, n\u2019a pas chang\u00e9 ses habitudes. Assez t\u00f4t, il a entam\u00e9 son \u00ab\u00a0mercato\u00a0\u00bb. Sa premi\u00e8re recrue, n\u2019est autre que l\u2019ancien milieu de terrain offensif de l\u2019US Monastir, Houcine Messa\u00e2di qui vient de poser sa signature sur un contrat de deux ans avec l\u2019\u00e9quipe du Bardo.<span class=\"Apple-converted-space\">\u00a0<\/span><\/span><\/p>\n<p class=\"p1 c3\"><span class=\"c2\">L\u2019ex joueur de l\u2019US Monastir a \u00e9volu\u00e9 la saison \u00e9coul\u00e9e au sein de l\u2019\u00e9quipe El Tawawen d\u2019Arabie Saoudite.<\/span><\/p>\n<p class=\"p2 c4\"><span class=\"c2\"><strong>Retour<\/strong><\/span><\/p>\n<p class=\"p1 c3\"><span class=\"c2\">Les joueurs stadistes retenus en France sont enfin de retour au Pays. Les tentatives des responsables stadistes ont finalement \u00e9t\u00e9 r\u00e9compens\u00e9es et leurs joueurs rentr\u00e9s en confinement \u00e0 Hammamet pour 10 jours. Ils auront rat\u00e9 les premiers jours d\u2019entra\u00eenements, mais ils seront accompagn\u00e9s durant leur s\u00e9jour par un pr\u00e9parateur physique d\u00e9p\u00each\u00e9 sur les lieux par le comit\u00e9 directeur pour leur remise en forme.<\/span><\/p>\n<p class=\"p1 c3\"><span class=\"c2\">Par contre Ali Ma\u00e2toug retenu en Libye tarde \u00e0 venir. Les difficult\u00e9s rencontr\u00e9es \u00e0 franchir les fronti\u00e8res avec la Tunisie ont fait que son retour soit d\u00e9cal\u00e9 probablement pour la semaine prochaine, s\u2019il parvient \u00e0 avoir l\u2019autorisation de passage.<\/span><\/p>\n<p class=\"p2 c4\"><span class=\"c2\"><strong>Programme<span class=\"Apple-converted-space\">\u00a0<\/span><\/strong><\/span><\/p>\n<p class=\"p1 c3\"><span class=\"c2\">Avant la reprise sur le terrain, Jalel kadri a tenu \u00e0 pr\u00e9senter son programme de travail pour pr\u00e9parer le retour \u00e0 la comp\u00e9tition et celui du prochain exercice. Dans une vid\u00e9o il a d\u00e9taill\u00e9 les \u00e9tapes de la pr\u00e9paration et les objectifs du club. Il a pr\u00e9cis\u00e9 que la p\u00e9riode de pr\u00e9paration s\u2019\u00e9talera du 8 juin au 1 ao\u00fbt et sera valable pour le reste de la saison en cours et celle qui suivra.<span class=\"Apple-converted-space\">\u00a0<\/span><\/span><\/p>\n<p class=\"p1 c3\"><span class=\"c2\">Pour la pr\u00e9paration, le coach stadiste a pr\u00e9cis\u00e9 qu\u2019il cherchera \u00e0 d\u00e9velopper les qualit\u00e9s physiques des joueurs et atteindre avec eux le rythme optimal de la comp\u00e9tition et retrouver les rep\u00e8res tactiques et d\u00e9velopper les automatismes d\u00e9fensifs et offensifs. Les joueurs seront soumis \u00e0 55 jours de pr\u00e9paration et 53 s\u00e9ances d\u2019entra\u00eenements.<\/span><\/p>\n<p class=\"p1 c3\"><span class=\"c2\">Les 17 premi\u00e8res s\u00e9ances se d\u00e9rouleront au Bardo avec un match amical, puis le groupe se d\u00e9placera du 26 juin au 5 juillet pour effectuer un stage \u00e0 Hammam Bourguiba au cours duquel 2 rencontres amicales seront programm\u00e9es. Du 6 au 17 juillet retour au Bardo avec 3 s\u00e9ances d\u2019entra\u00eenements et une nouvelle rencontre amicale. Puis d\u00e9part \u00e0 Sousse o\u00f9 l\u2019\u00e9quipe s\u00e9journera du 13 au 18 juillet et disputera 2 rencontres amicales. Enfin c\u2019est au Bardo que le ST terminera son cycle de pr\u00e9paration avec une derni\u00e8re rencontre amicale qui pr\u00e9c\u00e9dera le d\u00e9placement \u00e0 Metlaoui pour le compte de la 17\u00e8me journ\u00e9e de championnat.<span class=\"Apple-converted-space\">\u00a0<\/span><\/span><\/p>\n<p class=\"p1 c3\"><span class=\"c2\">Il a pr\u00e9cis\u00e9 par ailleurs que son \u00e9quipe qui a disput\u00e9 le plus grand nombre de matchs amicaux cette saison, disputera 7 autres durant sa p\u00e9riode de pr\u00e9paration. Durant les 4 premi\u00e8res rencontres la chance sera accord\u00e9e \u00e0 tous les joueurs, durant les trois derniers matchs la priorit\u00e9 sera donn\u00e9e aux joueurs qui seront appel\u00e9s \u00e0 terminer la saison et d\u00e9buter la prochaine. <span class=\"Apple-converted-space\">\u00a0<\/span><\/span><\/p>\n<p class=\"p1 c3\"><span class=\"c2\">L\u2019objectif des responsables et du cadre technique reste principalement la 4\u00e8me place et une qualification soit \u00e0 une comp\u00e9tition africaine soit une participation \u00e0 la Coupe Arabe. Kadri a pr\u00e9cis\u00e9 que dans l\u2019\u00e9tat actuel des choses, le ST se trouve \u00e0 4 points de l\u2019USM (3\u00e8me au classement) mais \u00e9galement \u00e0 4 points de l\u2019USBG class\u00e9 \u00e0 la 7\u00e8me place.<\/span><\/p>\n<p class=\"p3 c5\"><span class=\"c2\"><strong>M.R<\/strong><\/span><\/p>\n<p>Auteur: letemps1<br \/>\n<a href=\"http:\/\/www.letemps.com.tn\/article\/114662\/houcine-messa%C3%A2di-premi%C3%A8re-recrue-du-mercato%C2%A0estival\">Cliquez ici pour lire l&rsquo;article depuis sa source.<\/a><\/p>\n","protected":false},"excerpt":{"rendered":"<p>Jalel Ben A\u00efssa, n\u2019a pas chang\u00e9 ses habitudes. Assez t\u00f4t, il a entam\u00e9 son \u00ab\u00a0mercato\u00a0\u00bb. Sa premi\u00e8re recrue, n\u2019est autre que l\u2019ancien milieu de terrain offensif de l\u2019US Monastir, Houcine Messa\u00e2di qui vient de poser sa signature sur un contrat de deux ans avec l\u2019\u00e9quipe du Bardo.\u00a0 L\u2019ex joueur de l\u2019US Monastir a \u00e9volu\u00e9 la [&hellip;]<\/p>\n","protected":false},"author":1773,"featured_media":0,"comment_status":"closed","ping_status":"closed","sticky":false,"template":"","format":"standard","meta":{"fifu_image_url":"","fifu_image_alt":"","footnotes":""},"categories":[73,55],"tags":[],"class_list":["post-88527","post","type-post","status-publish","format-standard","hentry","category-actualite","category-tunisie"],"_links":{"self":[{"href":"https:\/\/linitiative.ca\/International\/wp-json\/wp\/v2\/posts\/88527","targetHints":{"allow":["GET"]}}],"collection":[{"href":"https:\/\/linitiative.ca\/International\/wp-json\/wp\/v2\/posts"}],"about":[{"href":"https:\/\/linitiative.ca\/International\/wp-json\/wp\/v2\/types\/post"}],"author":[{"embeddable":true,"href":"https:\/\/linitiative.ca\/International\/wp-json\/wp\/v2\/users\/1773"}],"replies":[{"embeddable":true,"href":"https:\/\/linitiative.ca\/International\/wp-json\/wp\/v2\/comments?post=88527"}],"version-history":[{"count":0,"href":"https:\/\/linitiative.ca\/International\/wp-json\/wp\/v2\/posts\/88527\/revisions"}],"wp:attachment":[{"href":"https:\/\/linitiative.ca\/International\/wp-json\/wp\/v2\/media?parent=88527"}],"wp:term":[{"taxonomy":"category","embeddable":true,"href":"https:\/\/linitiative.ca\/International\/wp-json\/wp\/v2\/categories?post=88527"},{"taxonomy":"post_tag","embeddable":true,"href":"https:\/\/linitiative.ca\/International\/wp-json\/wp\/v2\/tags?post=88527"}],"curies":[{"name":"wp","href":"https:\/\/api.w.org\/{rel}","templated":true}]}}