{"id":88528,"date":"2020-06-10T10:30:00","date_gmt":"2020-06-10T14:30:00","guid":{"rendered":"https:\/\/linitiative.ca\/International\/las-rejich-en-forme-rassurante\/"},"modified":"2020-06-10T10:30:00","modified_gmt":"2020-06-10T14:30:00","slug":"las-rejich-en-forme-rassurante","status":"publish","type":"post","link":"https:\/\/linitiative.ca\/International\/las-rejich-en-forme-rassurante\/","title":{"rendered":"L\u2019AS R\u00e9jich en forme rassurante"},"content":{"rendered":"<p class=\"p1 c3\"><span class=\"c2\">Apr\u00e8s plus d\u2019une semaine de pr\u00e9paration, l\u2019AS R\u00e9jich et l\u2019OB se sont donn\u00e9 la r\u00e9plique lundi apr\u00e8s-midi sur la pelouse du stade Zouiten. Cette rencontre rentre dans le cadre de la pr\u00e9paration des deux \u00e9quipes aux play-offs de la Ligue 2 devant d\u00e9signer les deux \u00e9quipes qui acc\u00e9deront parmi l\u2019\u00e9lite.<span class=\"Apple-converted-space\">\u00a0<\/span><\/span><\/p>\n<p class=\"p1 c3\"><span class=\"c2\">Lors de cette rencontre disput\u00e9e en trois p\u00e9riodes de 30 minutes chacune afin d\u2019\u00e9viter aux joueurs trop de fatigue, a tourn\u00e9 \u00e0 l\u2019avantage des prot\u00e9g\u00e9s de Hassen Gabsi sur le score de 2\/0. Les deux r\u00e9alisations ont \u00e9t\u00e9 l\u2019\u0153uvre de l\u2019incontournable Nassim Sioud, buteur de son \u00e9quipe en championnat avec 8 r\u00e9alisations et un d\u00e9fenseur b\u00e9jaouis contre son camp. Ces deux buts ont \u00e9t\u00e9 r\u00e9alis\u00e9s lors de la premi\u00e8re p\u00e9riode. Une seconde rencontre devra opposer ces deux \u00e9quipes le vendredi prochain, probablement sur la m\u00eame pelouse.<span class=\"Apple-converted-space\">\u00a0<\/span><\/span><\/p>\n<p class=\"p1 c3\"><span class=\"c2\">Rappelons que l\u2019OB et l\u2019ASR sont directement concern\u00e9s par l\u2019accession. Les b\u00e9jaouis rencontreront l\u2019OS Bouzid, alors que l\u2019ASR retrouvera El Gawafel de Gafsa. Les miniers disputeront une rencontre amicale demain jeudi \u00e0 Sidi Bouzid face \u00e0 l\u2019\u00e9quipe locale et se retrouveront pour un match retour en fin de semaine \u00e0 Gafsa.<\/span><\/p>\n<p class=\"p2 c4\"><span class=\"c2\"><strong>Au Zouiten et \u00e0 Rad\u00e9s<\/strong><\/span><\/p>\n<p class=\"p1 c3\"><span class=\"c2\">Il se confirme de plus en plus que la FTF optera pour les stades Zouiten et Rad\u00e9s pour faire disputer les 4 rencontres des play-offs qui auront lieu entre le 24 et le 28 juin courant.<span class=\"Apple-converted-space\">\u00a0<\/span><\/span><\/p>\n<p class=\"p1 c3\"><span class=\"c2\">Nous avons appris par ailleurs que l\u2019ex\u00e9cutif f\u00e9d\u00e9ral pourrait annuler la seconde rencontre entre l\u2019OB et l\u2019OSB si les Cigognes parviennent \u00e0 assurer leur accession d\u00e8s le premier match. Elle fera de m\u00eame si l\u2019ASR s\u2019impose d\u00e8s son premier match<span class=\"Apple-converted-space\">\u00a0<\/span> \u00e9galement contre El Gawafel.<\/span><\/p>\n<p class=\"p3 c5\"><span class=\"c2\"><strong>M.R<\/strong><\/span><\/p>\n<p>Auteur: letemps1<br \/>\n<a href=\"http:\/\/www.letemps.com.tn\/article\/114663\/l%E2%80%99-r%C3%A9jich-en-forme-rassurante\">Cliquez ici pour lire l&rsquo;article depuis sa source.<\/a><\/p>\n","protected":false},"excerpt":{"rendered":"<p>Apr\u00e8s plus d\u2019une semaine de pr\u00e9paration, l\u2019AS R\u00e9jich et l\u2019OB se sont donn\u00e9 la r\u00e9plique lundi apr\u00e8s-midi sur la pelouse du stade Zouiten. Cette rencontre rentre dans le cadre de la pr\u00e9paration des deux \u00e9quipes aux play-offs de la Ligue 2 devant d\u00e9signer les deux \u00e9quipes qui acc\u00e9deront parmi l\u2019\u00e9lite.\u00a0 Lors de cette rencontre disput\u00e9e [&hellip;]<\/p>\n","protected":false},"author":1773,"featured_media":0,"comment_status":"closed","ping_status":"closed","sticky":false,"template":"","format":"standard","meta":{"fifu_image_url":"","fifu_image_alt":"","footnotes":""},"categories":[73,55],"tags":[],"class_list":["post-88528","post","type-post","status-publish","format-standard","hentry","category-actualite","category-tunisie"],"_links":{"self":[{"href":"https:\/\/linitiative.ca\/International\/wp-json\/wp\/v2\/posts\/88528","targetHints":{"allow":["GET"]}}],"collection":[{"href":"https:\/\/linitiative.ca\/International\/wp-json\/wp\/v2\/posts"}],"about":[{"href":"https:\/\/linitiative.ca\/International\/wp-json\/wp\/v2\/types\/post"}],"author":[{"embeddable":true,"href":"https:\/\/linitiative.ca\/International\/wp-json\/wp\/v2\/users\/1773"}],"replies":[{"embeddable":true,"href":"https:\/\/linitiative.ca\/International\/wp-json\/wp\/v2\/comments?post=88528"}],"version-history":[{"count":0,"href":"https:\/\/linitiative.ca\/International\/wp-json\/wp\/v2\/posts\/88528\/revisions"}],"wp:attachment":[{"href":"https:\/\/linitiative.ca\/International\/wp-json\/wp\/v2\/media?parent=88528"}],"wp:term":[{"taxonomy":"category","embeddable":true,"href":"https:\/\/linitiative.ca\/International\/wp-json\/wp\/v2\/categories?post=88528"},{"taxonomy":"post_tag","embeddable":true,"href":"https:\/\/linitiative.ca\/International\/wp-json\/wp\/v2\/tags?post=88528"}],"curies":[{"name":"wp","href":"https:\/\/api.w.org\/{rel}","templated":true}]}}