{"id":88531,"date":"2020-06-10T15:13:09","date_gmt":"2020-06-10T19:13:09","guid":{"rendered":"https:\/\/linitiative.ca\/International\/pros-feghouli-serait-le-plan-b-du-real-betis\/"},"modified":"2020-06-10T15:13:09","modified_gmt":"2020-06-10T19:13:09","slug":"pros-feghouli-serait-le-plan-b-du-real-betis","status":"publish","type":"post","link":"https:\/\/linitiative.ca\/International\/pros-feghouli-serait-le-plan-b-du-real-betis\/","title":{"rendered":"Pros : Feghouli serait le plan B du Real B\u00e9tis"},"content":{"rendered":"<div readability=\"32\">\n<p>Auteur : <span>Riad Ouenzar<\/span> <span class=\"time\">mercredi 10 juin 2020 14:49<\/span><\/p>\n<\/div>\n<div id=\"post_core\" readability=\"41\">\n<p>A\u00a0 en croire le m\u00e9dia espagnol, Estadio Deportivo, la direction du Real B\u00e9tis serait tr\u00e8s int\u00e9ress\u00e9e par le recrutement de Pedro Rodriguez. La m\u00eame source explique que le club andalou serait en concurrence avec l\u2019AS Rome pour s\u2019attacher les services du joueur en question. Annonc\u00e9 un temps dans le viseur du club espagnol,\u00a0 Sofiane Feghouli, serait d\u2019apr\u00e8s la m\u00eame source le plan B du Real B\u00e9tis.<\/p>\n<p><strong>Publi\u00e9 dans :<\/strong> <span>Feghouli<\/span> <span>Real B\u00e9tis<\/span><\/p>\n<\/div>\n<p>Auteur:<br \/>\n<a href=\"http:\/\/www.lebuteur.com\/article\/detail?titre=feghouli-serait-le-plan-b-du-real-betis&#038;id=96206&#038;utm_source=feedburner&#038;utm_medium=feed&#038;utm_campaign=Feed%3A+GalerieFArtciles+%28Les+derniers+articles++-+lebuteur.com%29\">Cliquez ici pour lire l&rsquo;article depuis sa source.<\/a><\/p>\n","protected":false},"excerpt":{"rendered":"<p>Auteur : Riad Ouenzar mercredi 10 juin 2020 14:49 A\u00a0 en croire le m\u00e9dia espagnol, Estadio Deportivo, la direction du Real B\u00e9tis serait tr\u00e8s int\u00e9ress\u00e9e par le recrutement de Pedro Rodriguez. La m\u00eame source explique que le club andalou serait en concurrence avec l\u2019AS Rome pour s\u2019attacher les services du joueur en question. Annonc\u00e9 un [&hellip;]<\/p>\n","protected":false},"author":1738,"featured_media":88532,"comment_status":"closed","ping_status":"closed","sticky":false,"template":"","format":"standard","meta":{"fifu_image_url":"","fifu_image_alt":"","footnotes":""},"categories":[53,75],"tags":[],"class_list":["post-88531","post","type-post","status-publish","format-standard","has-post-thumbnail","hentry","category-algerie","category-sport"],"_links":{"self":[{"href":"https:\/\/linitiative.ca\/International\/wp-json\/wp\/v2\/posts\/88531","targetHints":{"allow":["GET"]}}],"collection":[{"href":"https:\/\/linitiative.ca\/International\/wp-json\/wp\/v2\/posts"}],"about":[{"href":"https:\/\/linitiative.ca\/International\/wp-json\/wp\/v2\/types\/post"}],"author":[{"embeddable":true,"href":"https:\/\/linitiative.ca\/International\/wp-json\/wp\/v2\/users\/1738"}],"replies":[{"embeddable":true,"href":"https:\/\/linitiative.ca\/International\/wp-json\/wp\/v2\/comments?post=88531"}],"version-history":[{"count":0,"href":"https:\/\/linitiative.ca\/International\/wp-json\/wp\/v2\/posts\/88531\/revisions"}],"wp:featuredmedia":[{"embeddable":true,"href":"https:\/\/linitiative.ca\/International\/wp-json\/"}],"wp:attachment":[{"href":"https:\/\/linitiative.ca\/International\/wp-json\/wp\/v2\/media?parent=88531"}],"wp:term":[{"taxonomy":"category","embeddable":true,"href":"https:\/\/linitiative.ca\/International\/wp-json\/wp\/v2\/categories?post=88531"},{"taxonomy":"post_tag","embeddable":true,"href":"https:\/\/linitiative.ca\/International\/wp-json\/wp\/v2\/tags?post=88531"}],"curies":[{"name":"wp","href":"https:\/\/api.w.org\/{rel}","templated":true}]}}