{"id":88541,"date":"2020-06-10T08:00:00","date_gmt":"2020-06-10T12:00:00","guid":{"rendered":"https:\/\/linitiative.ca\/International\/le-chef-detat-major-de-lanp-par-interim-en-visite-a-lecole-superieure-de-guerre-a-tamentfoust-ce-jeudi-mdn\/"},"modified":"2020-06-10T08:00:00","modified_gmt":"2020-06-10T12:00:00","slug":"le-chef-detat-major-de-lanp-par-interim-en-visite-a-lecole-superieure-de-guerre-a-tamentfoust-ce-jeudi-mdn","status":"publish","type":"post","link":"https:\/\/linitiative.ca\/International\/le-chef-detat-major-de-lanp-par-interim-en-visite-a-lecole-superieure-de-guerre-a-tamentfoust-ce-jeudi-mdn\/","title":{"rendered":"Le Chef d\u2019Etat-Major de l\u2019ANP par int\u00e9rim, en visite \u00e0 l\u2019Ecole Sup\u00e9rieure de Guerre \u00e0 Tamentfoust ce Jeudi (MDN)"},"content":{"rendered":"<p>Le g\u00e9n\u00e9ral major Sa\u00efd Chanegriha, chef d\u2019\u00e9tat-major de l\u2019Arm\u00e9e nationale populaire (ANP) par int\u00e9rim, effectuera aujourd\u2019hui une visite de travail \u00e0 l\u2019Ecole sup\u00e9rieure de guerre, dans la 1re R\u00e9gion militaire (RM), a indiqu\u00e9 hier un communiqu\u00e9 du minist\u00e8re de la D\u00e9fense nationale (MDN). \u00abMonsieur le g\u00e9n\u00e9ral major Chanegriha Sa\u00efd, chef d\u2019\u00e9tat-major de l\u2019Arm\u00e9e Nationale Populaire par int\u00e9rim, effectuera, demain jeudi 11 juin 2020, une visite de travail \u00e0 l\u2019Ecole Sup\u00e9rieure de Guerre \/ 1re R\u00e9gion militaire\u00bb, a pr\u00e9cis\u00e9 la m\u00eame source.\u00a0<\/p>\n<p>Lors de cette visite, le g\u00e9n\u00e9ral major pr\u00e9sidera la 13e session du Conseil d\u2019Orientation de l\u2019Ecole Sup\u00e9rieure de Guerre, a ajout\u00e9 le communiqu\u00e9 du MDN.<\/p>\n<p>Auteur: elmoudjahid<br \/>\n<a href=\"http:\/\/www.elmoudjahid.com\/fr\/actualites\/154733\">Cliquez ici pour lire l&rsquo;article depuis sa source.<\/a><\/p>\n","protected":false},"excerpt":{"rendered":"<p>Le g\u00e9n\u00e9ral major Sa\u00efd Chanegriha, chef d\u2019\u00e9tat-major de l\u2019Arm\u00e9e nationale populaire (ANP) par int\u00e9rim, effectuera aujourd\u2019hui une visite de travail \u00e0 l\u2019Ecole sup\u00e9rieure de guerre, dans la 1re R\u00e9gion militaire (RM), a indiqu\u00e9 hier un communiqu\u00e9 du minist\u00e8re de la D\u00e9fense nationale (MDN). \u00abMonsieur le g\u00e9n\u00e9ral major Chanegriha Sa\u00efd, chef d\u2019\u00e9tat-major de l\u2019Arm\u00e9e Nationale Populaire [&hellip;]<\/p>\n","protected":false},"author":1744,"featured_media":0,"comment_status":"closed","ping_status":"closed","sticky":false,"template":"","format":"standard","meta":{"fifu_image_url":"","fifu_image_alt":"","footnotes":""},"categories":[73,53],"tags":[],"class_list":["post-88541","post","type-post","status-publish","format-standard","hentry","category-actualite","category-algerie"],"_links":{"self":[{"href":"https:\/\/linitiative.ca\/International\/wp-json\/wp\/v2\/posts\/88541","targetHints":{"allow":["GET"]}}],"collection":[{"href":"https:\/\/linitiative.ca\/International\/wp-json\/wp\/v2\/posts"}],"about":[{"href":"https:\/\/linitiative.ca\/International\/wp-json\/wp\/v2\/types\/post"}],"author":[{"embeddable":true,"href":"https:\/\/linitiative.ca\/International\/wp-json\/wp\/v2\/users\/1744"}],"replies":[{"embeddable":true,"href":"https:\/\/linitiative.ca\/International\/wp-json\/wp\/v2\/comments?post=88541"}],"version-history":[{"count":0,"href":"https:\/\/linitiative.ca\/International\/wp-json\/wp\/v2\/posts\/88541\/revisions"}],"wp:attachment":[{"href":"https:\/\/linitiative.ca\/International\/wp-json\/wp\/v2\/media?parent=88541"}],"wp:term":[{"taxonomy":"category","embeddable":true,"href":"https:\/\/linitiative.ca\/International\/wp-json\/wp\/v2\/categories?post=88541"},{"taxonomy":"post_tag","embeddable":true,"href":"https:\/\/linitiative.ca\/International\/wp-json\/wp\/v2\/tags?post=88541"}],"curies":[{"name":"wp","href":"https:\/\/api.w.org\/{rel}","templated":true}]}}