{"id":88542,"date":"2020-06-10T08:10:00","date_gmt":"2020-06-10T12:10:00","guid":{"rendered":"https:\/\/linitiative.ca\/International\/le-president-tebboune-preside-une-reunion-du-haut-conseil-de-securite\/"},"modified":"2020-06-10T08:10:00","modified_gmt":"2020-06-10T12:10:00","slug":"le-president-tebboune-preside-une-reunion-du-haut-conseil-de-securite","status":"publish","type":"post","link":"https:\/\/linitiative.ca\/International\/le-president-tebboune-preside-une-reunion-du-haut-conseil-de-securite\/","title":{"rendered":"Le Pr\u00e9sident Tebboune pr\u00e9side une r\u00e9union du Haut Conseil de s\u00e9curit\u00e9"},"content":{"rendered":"<div class=\"TxArtcile\" readability=\"16\">\n<div class=\"ImgCapt\"><img loading=\"lazy\" decoding=\"async\" width=\"208\" height=\"208\" src=\"http:\/\/www.elmoudjahid.com\/temp\/fr\/actualite2[154734].jpg\" alt=\"\" \/><span>D.R<\/span><\/div>\n<p>Le Pr\u00e9sident de la R\u00e9publique,Abdelmadjid Tebboune, chef supr\u00eame des Forces arm\u00e9es, ministre de la D\u00e9fense nationale, a pr\u00e9sid\u00e9, mercredi, une r\u00e9union du Haut Conseil de s\u00e9curit\u00e9, a indiqu\u00e9 un communiqu\u00e9 de la pr\u00e9sidence de la R\u00e9publique<\/p>\n<\/div>\n<div class=\"ModliArtilUne\">\n<ul>\n<li><strong>Publi\u00e9 dans :<\/strong><\/li>\n<\/ul>\n<\/div>\n<div class=\"MbComIns\" id=\"newcom\" readability=\"5.6940298507463\">\n<h6>DONNEZ VOTRE AVIS<\/h6>\n<p>Il n&rsquo;y a actuellement aucune r\u00e9action \u00e0 cette information. Soyez le premier \u00e0 r\u00e9agir !<\/p>\n<p><a href=\"\" rel=\"#popup\" class=\"login resetbutton\">Identifiez-vous<\/a><a class=\"button\" href=\"http:\/\/www.elmoudjahid.com\/fr\/inscription\/\"><span>S&rsquo;inscrire<\/span><\/a><\/p>\n<\/div>\n<p>Auteur: elmoudjahid<br \/>\n<a href=\"http:\/\/www.elmoudjahid.com\/fr\/actualites\/154734\">Cliquez ici pour lire l&rsquo;article depuis sa source.<\/a><\/p>\n","protected":false},"excerpt":{"rendered":"<p>D.R Le Pr\u00e9sident de la R\u00e9publique,Abdelmadjid Tebboune, chef supr\u00eame des Forces arm\u00e9es, ministre de la D\u00e9fense nationale, a pr\u00e9sid\u00e9, mercredi, une r\u00e9union du Haut Conseil de s\u00e9curit\u00e9, a indiqu\u00e9 un communiqu\u00e9 de la pr\u00e9sidence de la R\u00e9publique Publi\u00e9 dans : DONNEZ VOTRE AVIS Il n&rsquo;y a actuellement aucune r\u00e9action \u00e0 cette information. Soyez le premier [&hellip;]<\/p>\n","protected":false},"author":1744,"featured_media":88543,"comment_status":"closed","ping_status":"closed","sticky":false,"template":"","format":"standard","meta":{"fifu_image_url":"","fifu_image_alt":"","footnotes":""},"categories":[73,53],"tags":[],"class_list":["post-88542","post","type-post","status-publish","format-standard","has-post-thumbnail","hentry","category-actualite","category-algerie"],"_links":{"self":[{"href":"https:\/\/linitiative.ca\/International\/wp-json\/wp\/v2\/posts\/88542","targetHints":{"allow":["GET"]}}],"collection":[{"href":"https:\/\/linitiative.ca\/International\/wp-json\/wp\/v2\/posts"}],"about":[{"href":"https:\/\/linitiative.ca\/International\/wp-json\/wp\/v2\/types\/post"}],"author":[{"embeddable":true,"href":"https:\/\/linitiative.ca\/International\/wp-json\/wp\/v2\/users\/1744"}],"replies":[{"embeddable":true,"href":"https:\/\/linitiative.ca\/International\/wp-json\/wp\/v2\/comments?post=88542"}],"version-history":[{"count":0,"href":"https:\/\/linitiative.ca\/International\/wp-json\/wp\/v2\/posts\/88542\/revisions"}],"wp:featuredmedia":[{"embeddable":true,"href":"https:\/\/linitiative.ca\/International\/wp-json\/"}],"wp:attachment":[{"href":"https:\/\/linitiative.ca\/International\/wp-json\/wp\/v2\/media?parent=88542"}],"wp:term":[{"taxonomy":"category","embeddable":true,"href":"https:\/\/linitiative.ca\/International\/wp-json\/wp\/v2\/categories?post=88542"},{"taxonomy":"post_tag","embeddable":true,"href":"https:\/\/linitiative.ca\/International\/wp-json\/wp\/v2\/tags?post=88542"}],"curies":[{"name":"wp","href":"https:\/\/api.w.org\/{rel}","templated":true}]}}